{"id":18000,"date":"2025-03-10T20:11:11","date_gmt":"2025-03-11T00:11:11","guid":{"rendered":"https:\/\/prensapresidencialvenezuela.gob.ve\/?p=18000"},"modified":"2025-03-10T20:11:11","modified_gmt":"2025-03-11T00:11:11","slug":"presidente-maduro-celebro-creacion-del-movimiento-28-de-julio-por-la-reforma-constitucional","status":"publish","type":"post","link":"https:\/\/prensapresidencialvenezuela.gob.ve\/index.php\/2025\/03\/10\/presidente-maduro-celebro-creacion-del-movimiento-28-de-julio-por-la-reforma-constitucional\/","title":{"rendered":"Presidente Maduro celebr\u00f3 creaci\u00f3n del \u00abMovimiento 28 de Julio por la Reforma Constitucional\u00bb"},"content":{"rendered":"\n<p><strong>Palacio de Miraflores, Caracas<\/strong>.- El presidente de la Rep\u00fablica Bolivariana de Venezuela, Nicol\u00e1s Maduro Moros, celebr\u00f3 la creaci\u00f3n del Movimiento 28 de julio por la Reforma Constitucional, en homenaje al comandante Hugo Ch\u00e1vez y a la pasada victoria presidencial electoral.<\/p>\n\n\n\n<p>Asimismo, felicit\u00f3 al secretario general del Partido Socialista Unido de Venezuela (PSUV), Diosdado Cabello, por esta iniciativa que enaltece al legado del Comandante Ch\u00e1vez en las ra\u00edces del movimiento revolucionario.<\/p>\n\n\n\n<p>M\u00e1s temprano, el secretario general del PSUV precis\u00f3 que este ser\u00e1 un gran movimiento, que ampliar\u00e1 y sumar\u00e1 para que sea aprobada la reforma por la gran mayor\u00eda de los venezolanos.<\/p>\n\n\n\n<p>Cabello ofreci\u00f3 esta declaraci\u00f3n durante una rueda de prensa que realiz\u00f3 en horas de la tarde, en la que asever\u00f3 que esta tambi\u00e9n es una fecha apropiada por la fuerza que tiene el 28 de julio de 1954, cuando naci\u00f3 el L\u00edder Eterno de la Revoluci\u00f3n Bolivariana.<\/p>\n\n\n\n<p>Es importante subrayar que el proyecto de Reforma Constitucional estar\u00e1 sujeto a un primer debate, durante el lapso de sesiones vinculado a su presentaci\u00f3n; y luego se programar\u00e1 un segundo debate por t\u00edtulo o cap\u00edtulo; y luego &nbsp;convocar a una discusi\u00f3n final, art\u00edculo por art\u00edculo.<\/p>\n\n\n\n<p><strong>Prensa Presidencial\/Irmary D\u00edaz. <\/strong><strong><\/strong><\/p>\n","protected":false},"excerpt":{"rendered":"<p>Palacio de Miraflores, Caracas.- El presidente de la Rep\u00fablica Bolivariana de Venezuela, Nicol\u00e1s Maduro Moros, celebr\u00f3 la creaci\u00f3n del Movimiento 28 de julio por la Reforma Constitucional, en homenaje al comandante Hugo Ch\u00e1vez y a la pasada victoria presidencial electoral. Asimismo, felicit\u00f3 al secretario general del Partido Socialista Unido de Venezuela (PSUV), Diosdado Cabello, por [&hellip;]<\/p>\n","protected":false},"author":1,"featured_media":18001,"comment_status":"open","ping_status":"open","sticky":false,"template":"","format":"standard","meta":{"footnotes":""},"categories":[18,7],"tags":[1468,1090],"class_list":["post-18000","post","type-post","status-publish","format-standard","has-post-thumbnail","hentry","category-noticias-principales","category-notas-de-prensa","tag-28julio","tag-movimiento"],"_links":{"self":[{"href":"https:\/\/prensapresidencialvenezuela.gob.ve\/index.php\/wp-json\/wp\/v2\/posts\/18000","targetHints":{"allow":["GET"]}}],"collection":[{"href":"https:\/\/prensapresidencialvenezuela.gob.ve\/index.php\/wp-json\/wp\/v2\/posts"}],"about":[{"href":"https:\/\/prensapresidencialvenezuela.gob.ve\/index.php\/wp-json\/wp\/v2\/types\/post"}],"author":[{"embeddable":true,"href":"https:\/\/prensapresidencialvenezuela.gob.ve\/index.php\/wp-json\/wp\/v2\/users\/1"}],"replies":[{"embeddable":true,"href":"https:\/\/prensapresidencialvenezuela.gob.ve\/index.php\/wp-json\/wp\/v2\/comments?post=18000"}],"version-history":[{"count":1,"href":"https:\/\/prensapresidencialvenezuela.gob.ve\/index.php\/wp-json\/wp\/v2\/posts\/18000\/revisions"}],"predecessor-version":[{"id":18002,"href":"https:\/\/prensapresidencialvenezuela.gob.ve\/index.php\/wp-json\/wp\/v2\/posts\/18000\/revisions\/18002"}],"wp:featuredmedia":[{"embeddable":true,"href":"https:\/\/prensapresidencialvenezuela.gob.ve\/index.php\/wp-json\/wp\/v2\/media\/18001"}],"wp:attachment":[{"href":"https:\/\/prensapresidencialvenezuela.gob.ve\/index.php\/wp-json\/wp\/v2\/media?parent=18000"}],"wp:term":[{"taxonomy":"category","embeddable":true,"href":"https:\/\/prensapresidencialvenezuela.gob.ve\/index.php\/wp-json\/wp\/v2\/categories?post=18000"},{"taxonomy":"post_tag","embeddable":true,"href":"https:\/\/prensapresidencialvenezuela.gob.ve\/index.php\/wp-json\/wp\/v2\/tags?post=18000"}],"curies":[{"name":"wp","href":"https:\/\/api.w.org\/{rel}","templated":true}]}}