{"id":18003,"date":"2025-03-10T20:25:18","date_gmt":"2025-03-11T00:25:18","guid":{"rendered":"https:\/\/prensapresidencialvenezuela.gob.ve\/?p=18003"},"modified":"2025-03-10T20:25:19","modified_gmt":"2025-03-11T00:25:19","slug":"venezuela-reafirma-su-compromiso-en-la-lucha-contra-el-narcotrafico-y-el-terrorismo-en-la-frontera-con-colombia","status":"publish","type":"post","link":"https:\/\/prensapresidencialvenezuela.gob.ve\/index.php\/2025\/03\/10\/venezuela-reafirma-su-compromiso-en-la-lucha-contra-el-narcotrafico-y-el-terrorismo-en-la-frontera-con-colombia\/","title":{"rendered":"Venezuela reafirma su compromiso en la lucha contra el narcotr\u00e1fico y el terrorismo en la frontera con Colombia"},"content":{"rendered":"\n<p><br><strong>Palacio de Miraflores, Caracas.-<\/strong> Durante su programa <em>Con Maduro +<\/em>, el presidente de la Rep\u00fablica Bolivariana de Venezuela, Nicol\u00e1s Maduro, destac\u00f3 la labor de la Fuerza Armada Nacional Bolivariana y las fuerzas policiales en la defensa de la soberan\u00eda venezolana.<\/p>\n\n\n\n<p>\u00abLa Fuerza Armada Nacional Bolivariana y las fuerzas policiales, junto a toda la Milicia Nacional Bolivariana, est\u00e1n desplegadas, de manera permanente, en todas las fronteras del lado de Venezuela\u00bb, afirm\u00f3; y subray\u00f3 que la vigilancia se realiza \u00ablas veinticuatro horas y todos los d\u00edas\u00bb.<br><br>El Mandatario tambi\u00e9n hizo \u00e9nfasis en el combate contra \u00ablos grupos criminales, contra los terroristas armados de Colombia, Los Tancol\u00bb y contra aquellos que pretendan hacer da\u00f1o.<\/p>\n\n\n\n<p>En este sentido, mencion\u00f3 que la operaci\u00f3n llevada a cabo en Apure, en que fue neutralizada una pista clandestina, forma parte de los esfuerzos para desmantelar las redes de narcotr\u00e1fico que operan desde Colombia.<\/p>\n\n\n\n<p>\u00abEs una de las naves y las pistas que estamos nosotros persiguiendo permanentemente del narcotr\u00e1fico, que nos viene permanentemente de Colombia\u00bb, indic\u00f3.<br><br>El presidente Maduro record\u00f3 que Venezuela cuenta con m\u00e1s de 2 200 kil\u00f3metros de frontera con Colombia y asegur\u00f3 que el pa\u00eds est\u00e1 inmerso en un \u00abcombate serio que no es nuevo\u00bb, y resalt\u00f3 que este esfuerzo se inici\u00f3 durante el mandato del comandante Hugo Ch\u00e1vez.<\/p>\n\n\n\n<p>\u00abNosotros lo que hemos hecho es especializarlo y adem\u00e1s con los equipos necesarios\u00bb, a\u00f1adi\u00f3.<br><br>Asimismo, el Presidente hizo un llamado a incrementar \u00abla t\u00e9cnica, la tecnolog\u00eda, los equipos, para que el combate contra estos grupos terroristas, narcotraficantes armados, delincuenciales, sea total\u00bb. Y asegur\u00f3 que su objetivo es que \u00abtodo el territorio de la frontera venezolana con Colombia sea un territorio libre de paramilitares, grupos armados, narcotraficantes y pistas clandestinas\u00bb.<\/p>\n\n\n\n<p><strong>Prensa Presidencial \/ Eduardo Hueck<\/strong><\/p>\n","protected":false},"excerpt":{"rendered":"<p>Palacio de Miraflores, Caracas.- Durante su programa Con Maduro +, el presidente de la Rep\u00fablica Bolivariana de Venezuela, Nicol\u00e1s Maduro, destac\u00f3 la labor de la Fuerza Armada Nacional Bolivariana y las fuerzas policiales en la defensa de la soberan\u00eda venezolana. \u00abLa Fuerza Armada Nacional Bolivariana y las fuerzas policiales, junto a toda la Milicia Nacional [&hellip;]<\/p>\n","protected":false},"author":1,"featured_media":18004,"comment_status":"open","ping_status":"open","sticky":false,"template":"","format":"standard","meta":{"footnotes":""},"categories":[18,7],"tags":[731],"class_list":["post-18003","post","type-post","status-publish","format-standard","has-post-thumbnail","hentry","category-noticias-principales","category-notas-de-prensa","tag-frontera"],"_links":{"self":[{"href":"https:\/\/prensapresidencialvenezuela.gob.ve\/index.php\/wp-json\/wp\/v2\/posts\/18003","targetHints":{"allow":["GET"]}}],"collection":[{"href":"https:\/\/prensapresidencialvenezuela.gob.ve\/index.php\/wp-json\/wp\/v2\/posts"}],"about":[{"href":"https:\/\/prensapresidencialvenezuela.gob.ve\/index.php\/wp-json\/wp\/v2\/types\/post"}],"author":[{"embeddable":true,"href":"https:\/\/prensapresidencialvenezuela.gob.ve\/index.php\/wp-json\/wp\/v2\/users\/1"}],"replies":[{"embeddable":true,"href":"https:\/\/prensapresidencialvenezuela.gob.ve\/index.php\/wp-json\/wp\/v2\/comments?post=18003"}],"version-history":[{"count":1,"href":"https:\/\/prensapresidencialvenezuela.gob.ve\/index.php\/wp-json\/wp\/v2\/posts\/18003\/revisions"}],"predecessor-version":[{"id":18005,"href":"https:\/\/prensapresidencialvenezuela.gob.ve\/index.php\/wp-json\/wp\/v2\/posts\/18003\/revisions\/18005"}],"wp:featuredmedia":[{"embeddable":true,"href":"https:\/\/prensapresidencialvenezuela.gob.ve\/index.php\/wp-json\/wp\/v2\/media\/18004"}],"wp:attachment":[{"href":"https:\/\/prensapresidencialvenezuela.gob.ve\/index.php\/wp-json\/wp\/v2\/media?parent=18003"}],"wp:term":[{"taxonomy":"category","embeddable":true,"href":"https:\/\/prensapresidencialvenezuela.gob.ve\/index.php\/wp-json\/wp\/v2\/categories?post=18003"},{"taxonomy":"post_tag","embeddable":true,"href":"https:\/\/prensapresidencialvenezuela.gob.ve\/index.php\/wp-json\/wp\/v2\/tags?post=18003"}],"curies":[{"name":"wp","href":"https:\/\/api.w.org\/{rel}","templated":true}]}}