{"id":18009,"date":"2025-03-10T20:47:16","date_gmt":"2025-03-11T00:47:16","guid":{"rendered":"https:\/\/prensapresidencialvenezuela.gob.ve\/?p=18009"},"modified":"2025-03-10T20:47:16","modified_gmt":"2025-03-11T00:47:16","slug":"motor-agricola-se-mantiene-en-crecimiento-continuo-para-la-recuperacion-economica-2025","status":"publish","type":"post","link":"https:\/\/prensapresidencialvenezuela.gob.ve\/index.php\/2025\/03\/10\/motor-agricola-se-mantiene-en-crecimiento-continuo-para-la-recuperacion-economica-2025\/","title":{"rendered":"Motor Agr\u00edcola se mantiene en crecimiento continuo para la recuperaci\u00f3n econ\u00f3mica 2025"},"content":{"rendered":"\n<p><strong>Palacio de Miraflores, Caracas<\/strong>.- Durante el segmento \u00abZona Digital\u00bbde su programa <em>Con Maduro +,<\/em> el presidente de la Rep\u00fablica Bolivariana de Venezuela, destac\u00f3 que el Motor Agr\u00edcola se encuentra en crecimiento continuo, como parte de los avances del Plan de Recuperaci\u00f3n Econ\u00f3mica de este a\u00f1o 2025.<\/p>\n\n\n\n<p>El ministro del Poder Popular para la Agricultura Productiva y Tierras, Julio C\u00e9sar Le\u00f3n Heredia, dio detalles sobre los avances que se han logrado entre el a\u00f1o 2018-2025, en la producci\u00f3n de los diferentes rubros de la cesta b\u00e1sica:<\/p>\n\n\n\n<ul class=\"wp-block-list\">\n<li>Ma\u00edz blanco, su incremento ha sido de m\u00e1s del 71%, por lo que agreg\u00f3 que en comparaci\u00f3n al a\u00f1o 2018, que se contaba con la cantidad de 21 marcas de harina de mazorca, en la actualidad ya se tienen 48 marcas y a precios justos.<\/li>\n\n\n\n<li>En cuanto a prote\u00edna animal (huevos), acot\u00f3 que el crecimiento de la producci\u00f3n ha sido del 71%.<\/li>\n\n\n\n<li>De pollo, se registra un incremento del 53% y con capacidad para exportar.<\/li>\n\n\n\n<li>La producci\u00f3n de arroz ha sido hasta el a\u00f1o 2024 del 46%.<\/li>\n<\/ul>\n\n\n\n<p>En este contexto, el jefe de Estado resalt\u00f3 que en Venezuela se debe garantizar el 100% de la producci\u00f3n nacional, porque se tiene la capacidad para lograrlo y, adem\u00e1s, \u00abtenemos el concepto del conuco en sus distintas escalas, la agricultura regenerativa que es libre de qu\u00edmicos, pesticidas y venenos\u00bb.<\/p>\n\n\n\n<p>Por otra parte, se\u00f1al\u00f3 que adem\u00e1s de tener este concepto para elevar la producci\u00f3n en el pa\u00eds, tambi\u00e9n se cuenta con la tecnolog\u00eda que se ha implementado a trav\u00e9s del Instituto Venezolano de Investigaciones Cient\u00edficas (IVIC).<\/p>\n\n\n\n<p>El Motor Agroalimentario en el pa\u00eds ha sido impulsado con la finalidad de dar seguimiento a los logros alcanzados, principalmente en materia de producci\u00f3n y exportaci\u00f3n de productos nacionales.<strong> Prensa Presidencial\/Irmary D\u00edaz. <a><\/a><\/strong><\/p>\n","protected":false},"excerpt":{"rendered":"<p>Palacio de Miraflores, Caracas.- Durante el segmento \u00abZona Digital\u00bbde su programa Con Maduro +, el presidente de la Rep\u00fablica Bolivariana de Venezuela, destac\u00f3 que el Motor Agr\u00edcola se encuentra en crecimiento continuo, como parte de los avances del Plan de Recuperaci\u00f3n Econ\u00f3mica de este a\u00f1o 2025. El ministro del Poder Popular para la Agricultura Productiva [&hellip;]<\/p>\n","protected":false},"author":1,"featured_media":18010,"comment_status":"open","ping_status":"open","sticky":false,"template":"","format":"standard","meta":{"footnotes":""},"categories":[18,7],"tags":[1103,782],"class_list":["post-18009","post","type-post","status-publish","format-standard","has-post-thumbnail","hentry","category-noticias-principales","category-notas-de-prensa","tag-agricola","tag-motor"],"_links":{"self":[{"href":"https:\/\/prensapresidencialvenezuela.gob.ve\/index.php\/wp-json\/wp\/v2\/posts\/18009","targetHints":{"allow":["GET"]}}],"collection":[{"href":"https:\/\/prensapresidencialvenezuela.gob.ve\/index.php\/wp-json\/wp\/v2\/posts"}],"about":[{"href":"https:\/\/prensapresidencialvenezuela.gob.ve\/index.php\/wp-json\/wp\/v2\/types\/post"}],"author":[{"embeddable":true,"href":"https:\/\/prensapresidencialvenezuela.gob.ve\/index.php\/wp-json\/wp\/v2\/users\/1"}],"replies":[{"embeddable":true,"href":"https:\/\/prensapresidencialvenezuela.gob.ve\/index.php\/wp-json\/wp\/v2\/comments?post=18009"}],"version-history":[{"count":1,"href":"https:\/\/prensapresidencialvenezuela.gob.ve\/index.php\/wp-json\/wp\/v2\/posts\/18009\/revisions"}],"predecessor-version":[{"id":18011,"href":"https:\/\/prensapresidencialvenezuela.gob.ve\/index.php\/wp-json\/wp\/v2\/posts\/18009\/revisions\/18011"}],"wp:featuredmedia":[{"embeddable":true,"href":"https:\/\/prensapresidencialvenezuela.gob.ve\/index.php\/wp-json\/wp\/v2\/media\/18010"}],"wp:attachment":[{"href":"https:\/\/prensapresidencialvenezuela.gob.ve\/index.php\/wp-json\/wp\/v2\/media?parent=18009"}],"wp:term":[{"taxonomy":"category","embeddable":true,"href":"https:\/\/prensapresidencialvenezuela.gob.ve\/index.php\/wp-json\/wp\/v2\/categories?post=18009"},{"taxonomy":"post_tag","embeddable":true,"href":"https:\/\/prensapresidencialvenezuela.gob.ve\/index.php\/wp-json\/wp\/v2\/tags?post=18009"}],"curies":[{"name":"wp","href":"https:\/\/api.w.org\/{rel}","templated":true}]}}