{"id":18012,"date":"2025-03-10T21:16:35","date_gmt":"2025-03-11T01:16:35","guid":{"rendered":"https:\/\/prensapresidencialvenezuela.gob.ve\/?p=18012"},"modified":"2025-03-10T21:16:36","modified_gmt":"2025-03-11T01:16:36","slug":"resonador-magnetico-de-la-mas-alta-tecnologia-llega-al-instituto-autonomo-hospital-universitario-de-caracas","status":"publish","type":"post","link":"https:\/\/prensapresidencialvenezuela.gob.ve\/index.php\/2025\/03\/10\/resonador-magnetico-de-la-mas-alta-tecnologia-llega-al-instituto-autonomo-hospital-universitario-de-caracas\/","title":{"rendered":"Resonador magn\u00e9tico de la m\u00e1s alta tecnolog\u00eda llega al Instituto Aut\u00f3nomo Hospital Universitario de Caracas"},"content":{"rendered":"\n<p><strong>Palacio de Miraflores, Caracas.-<\/strong> En un pase televisivo del programa <em>Con Maduro+, <\/em>el presidente de la Rep\u00fablica Bolivariana de Venezuela, Nicol\u00e1s Maduro, junto a la Vicepresidenta Ejecutiva, Delcy Rodr\u00edguez, present\u00f3 el proceso de recuperaci\u00f3n del Instituto Aut\u00f3nomo Hospital Universitario de Caracas.<\/p>\n\n\n\n<p>\u00abEstamos entregando hoy un resonador magn\u00e9tico de la m\u00e1s alta tecnolog\u00eda, integrado con inteligencia artificial, en el Instituto Aut\u00f3nomo Hospital Universitario de Caracas. Este es el primero de varios que llegar\u00e1n al pa\u00eds. Adem\u00e1s, hemos realizado una rehabilitaci\u00f3n integral de todo este centro de salud\u00bb, anunci\u00f3 el jefe de Estado.<\/p>\n\n\n\n<p>Durante esta presentaci\u00f3n, Luis Lira, director del Hospital, en representaci\u00f3n de los 500 m\u00e9dicos del centro de salud, destac\u00f3 la importancia de este nuevo equipamiento en el diagn\u00f3stico y tratamiento de los pacientes.<\/p>\n\n\n\n<p>Lira coment\u00f3: \u00abEl a\u00f1o pasado, 25 mil pacientes acudieron al hospital, y el 30% necesitaban alg\u00fan tipo de im\u00e1genes. Gracias a la gesti\u00f3n del presidente, estas necesidades han sido atendidas, y ahora se entrega una l\u00ednea de resonador magn\u00e9tico de la mejor calidad.\u201d<\/p>\n\n\n\n<p><strong>Mejoras en diagn\u00f3stico neurol\u00f3gico<\/strong><\/p>\n\n\n\n<p>El nuevo resonador magn\u00e9tico, en detalles que expres\u00f3 Lira, permitir\u00e1 una atenci\u00f3n m\u00e1s eficiente para aquellos pacientes con patolog\u00edas del \u00e1rea neurol\u00f3gica y otros traumatismos, asegurando diagn\u00f3sticos en tiempo real. \u00abEste equipo revolucionar\u00e1 la forma en que atendemos a nuestros pacientes, brind\u00e1ndoles una atenci\u00f3n diagn\u00f3stica de calidad y oportuna\u00bb, agreg\u00f3.<\/p>\n\n\n\n<figure class=\"wp-block-image size-large\"><img fetchpriority=\"high\" decoding=\"async\" width=\"1024\" height=\"692\" src=\"https:\/\/prensapresidencialvenezuela.gob.ve\/wp-content\/uploads\/2025\/03\/0e03e793-d346-483a-b269-a0a0e2a7bb83-1024x692.jpg\" alt=\"\" class=\"wp-image-18014\" srcset=\"https:\/\/prensapresidencialvenezuela.gob.ve\/wp-content\/uploads\/2025\/03\/0e03e793-d346-483a-b269-a0a0e2a7bb83-1024x692.jpg 1024w, https:\/\/prensapresidencialvenezuela.gob.ve\/wp-content\/uploads\/2025\/03\/0e03e793-d346-483a-b269-a0a0e2a7bb83-300x203.jpg 300w, https:\/\/prensapresidencialvenezuela.gob.ve\/wp-content\/uploads\/2025\/03\/0e03e793-d346-483a-b269-a0a0e2a7bb83-768x519.jpg 768w, https:\/\/prensapresidencialvenezuela.gob.ve\/wp-content\/uploads\/2025\/03\/0e03e793-d346-483a-b269-a0a0e2a7bb83.jpg 1080w\" sizes=\"(max-width: 1024px) 100vw, 1024px\" \/><\/figure>\n\n\n\n<p><strong>Servicio de Radiodiagn\u00f3stico<\/strong><\/p>\n\n\n\n<p>En este sentido, el doctor Bernardo Lander, jefe del Servicio de Radiodiagn\u00f3stico, enfatiz\u00f3 las caracter\u00edsticas avanzadas del nuevo resonador. \u00abEste resonador lleva todo; podemos hacer resonancias de cuerpo entero y tiene la ventaja de integrar inteligencia artificial. Hemos realizado algunas pruebas y estamos satisfechos con la capacidad de trabajar con todo tipo de pacientes\u00bb, afirm\u00f3 Lander, apuntando a la versatilidad y utilidad del equipo en el \u00e1mbito hospitalario.<\/p>\n\n\n\n<p><strong>Proyecto de conectividad a nivel nacional<\/strong><\/p>\n\n\n\n<p>Durante el enlace televisivo, la vicepresidenta Delcy Rodr\u00edguez subray\u00f3 que \u00abeste es un equipamiento de \u00faltima tecnolog\u00eda y convierte al hospital en un centro piloto inteligente\u00bb. Rodr\u00edguez indic\u00f3 que el objetivo es conectar todos los hospitales del pa\u00eds a trav\u00e9s de este sistema, asegurando que los pacientes reciban atenci\u00f3n integral. Resalt\u00f3 que gracias a la relaci\u00f3n estrat\u00e9gica alcanzada por el presidente Maduro, se logr\u00f3 convertir este hospital en una herramienta de inteligencia m\u00e9dica.<\/p>\n\n\n\n<figure class=\"wp-block-image size-large\"><img decoding=\"async\" width=\"1024\" height=\"711\" src=\"https:\/\/prensapresidencialvenezuela.gob.ve\/wp-content\/uploads\/2025\/03\/1d8c0904-026f-467c-8015-e8819e0bcc34-1024x711.jpg\" alt=\"\" class=\"wp-image-18015\" srcset=\"https:\/\/prensapresidencialvenezuela.gob.ve\/wp-content\/uploads\/2025\/03\/1d8c0904-026f-467c-8015-e8819e0bcc34-1024x711.jpg 1024w, https:\/\/prensapresidencialvenezuela.gob.ve\/wp-content\/uploads\/2025\/03\/1d8c0904-026f-467c-8015-e8819e0bcc34-300x208.jpg 300w, https:\/\/prensapresidencialvenezuela.gob.ve\/wp-content\/uploads\/2025\/03\/1d8c0904-026f-467c-8015-e8819e0bcc34-768x533.jpg 768w, https:\/\/prensapresidencialvenezuela.gob.ve\/wp-content\/uploads\/2025\/03\/1d8c0904-026f-467c-8015-e8819e0bcc34.jpg 1080w\" sizes=\"(max-width: 1024px) 100vw, 1024px\" \/><\/figure>\n\n\n\n<p><strong>*Venezuela avanza a pesar de las perturbaciones de la derecha<\/strong><\/p>\n\n\n\n<p>En un contexto m\u00e1s amplio, el presidente Maduro reafirm\u00f3 su compromiso con el avance del sistema de salud venezolano, desafiando los intentos de sectores extremistas que buscan desestabilizar el progreso del pa\u00eds. \u00abEste tipo de avances es lo que ellos quieren acabar. Nunca pondr\u00e1n de rodillas a Venezuela, seguiremos avanzando\u00bb, manifest\u00f3 el presidente, cerrando la intervenci\u00f3n con un llamado a la unidad y la resistencia.<\/p>\n\n\n\n<p>El fortalecimiento del Instituto Aut\u00f3nomo Hospital Universitario de Caracas no s\u00f3lo representa un avance significativo en la atenci\u00f3n m\u00e9dica del pa\u00eds, sino que tambi\u00e9n subraya el compromiso del Gobierno venezolano con la modernizaci\u00f3n y equipamiento del sistema de salud nacional, a pesar de los desaf\u00edos. La integraci\u00f3n de tecnolog\u00eda avanzada promete transformar la calidad del diagn\u00f3stico y el tratamiento, beneficiando a miles de ciudadanos cada a\u00f1o.<\/p>\n\n\n\n<p><strong>Prensa Presidencial\/ Luis Tavera<\/strong><\/p>\n\n\n\n<p><\/p>\n","protected":false},"excerpt":{"rendered":"<p>Palacio de Miraflores, Caracas.- En un pase televisivo del programa Con Maduro+, el presidente de la Rep\u00fablica Bolivariana de Venezuela, Nicol\u00e1s Maduro, junto a la Vicepresidenta Ejecutiva, Delcy Rodr\u00edguez, present\u00f3 el proceso de recuperaci\u00f3n del Instituto Aut\u00f3nomo Hospital Universitario de Caracas. \u00abEstamos entregando hoy un resonador magn\u00e9tico de la m\u00e1s alta tecnolog\u00eda, integrado con inteligencia [&hellip;]<\/p>\n","protected":false},"author":1,"featured_media":18013,"comment_status":"open","ping_status":"open","sticky":false,"template":"","format":"standard","meta":{"footnotes":""},"categories":[18,7],"tags":[700,1472,1471,818],"class_list":["post-18012","post","type-post","status-publish","format-standard","has-post-thumbnail","hentry","category-noticias-principales","category-notas-de-prensa","tag-hospital","tag-magnetico","tag-resonador","tag-ucv"],"_links":{"self":[{"href":"https:\/\/prensapresidencialvenezuela.gob.ve\/index.php\/wp-json\/wp\/v2\/posts\/18012","targetHints":{"allow":["GET"]}}],"collection":[{"href":"https:\/\/prensapresidencialvenezuela.gob.ve\/index.php\/wp-json\/wp\/v2\/posts"}],"about":[{"href":"https:\/\/prensapresidencialvenezuela.gob.ve\/index.php\/wp-json\/wp\/v2\/types\/post"}],"author":[{"embeddable":true,"href":"https:\/\/prensapresidencialvenezuela.gob.ve\/index.php\/wp-json\/wp\/v2\/users\/1"}],"replies":[{"embeddable":true,"href":"https:\/\/prensapresidencialvenezuela.gob.ve\/index.php\/wp-json\/wp\/v2\/comments?post=18012"}],"version-history":[{"count":1,"href":"https:\/\/prensapresidencialvenezuela.gob.ve\/index.php\/wp-json\/wp\/v2\/posts\/18012\/revisions"}],"predecessor-version":[{"id":18016,"href":"https:\/\/prensapresidencialvenezuela.gob.ve\/index.php\/wp-json\/wp\/v2\/posts\/18012\/revisions\/18016"}],"wp:featuredmedia":[{"embeddable":true,"href":"https:\/\/prensapresidencialvenezuela.gob.ve\/index.php\/wp-json\/wp\/v2\/media\/18013"}],"wp:attachment":[{"href":"https:\/\/prensapresidencialvenezuela.gob.ve\/index.php\/wp-json\/wp\/v2\/media?parent=18012"}],"wp:term":[{"taxonomy":"category","embeddable":true,"href":"https:\/\/prensapresidencialvenezuela.gob.ve\/index.php\/wp-json\/wp\/v2\/categories?post=18012"},{"taxonomy":"post_tag","embeddable":true,"href":"https:\/\/prensapresidencialvenezuela.gob.ve\/index.php\/wp-json\/wp\/v2\/tags?post=18012"}],"curies":[{"name":"wp","href":"https:\/\/api.w.org\/{rel}","templated":true}]}}