{"id":18017,"date":"2025-03-10T21:32:19","date_gmt":"2025-03-11T01:32:19","guid":{"rendered":"https:\/\/prensapresidencialvenezuela.gob.ve\/?p=18017"},"modified":"2025-03-10T21:32:19","modified_gmt":"2025-03-11T01:32:19","slug":"maria-corina-machado-y-grandes-lobbys-de-miami-estan-detras-de-todo-el-plan-para-el-sabotaje-contra-la-economia-venezolana","status":"publish","type":"post","link":"https:\/\/prensapresidencialvenezuela.gob.ve\/index.php\/2025\/03\/10\/maria-corina-machado-y-grandes-lobbys-de-miami-estan-detras-de-todo-el-plan-para-el-sabotaje-contra-la-economia-venezolana\/","title":{"rendered":"Mar\u00eda Corina Machado y grandes lobbys de Miami est\u00e1n detr\u00e1s de \u00abtodo el plan para el sabotaje contra la econom\u00eda venezolana\u00bb"},"content":{"rendered":"\n<p><strong>Palacio de Miraflores, Caracas.-<\/strong> El presidente de la Rep\u00fablica Bolivariana de Venezuela, Nicol\u00e1s Maduro, denunci\u00f3 que quienes est\u00e1n detr\u00e1s de \u00abtodo el plan para el sabotaje contra la econom\u00eda venezolana\u00bb, son el <em>lobby<\/em> mayamero y su principal promotora, Mar\u00eda Corina Machado.<\/p>\n\n\n\n<p>\u00ab(\u2026) la Sayona [Mar\u00eda Corina Machado] es la que est\u00e1 detr\u00e1s de todo el plan para el sabotaje contra la econom\u00eda venezolana, para las sanciones, para el bloqueo, para la violencia\u00bb, subray\u00f3.<\/p>\n\n\n\n<p>Durante su programa <em>Con Maduro +,<\/em> se refiri\u00f3 a las declaraciones del analista, de tendencia opositora, Luis Vicente Le\u00f3n, de quien indic\u00f3 que realiz\u00f3 un \u00abretrato hablado\u00bb de la responsable de los problemas econ\u00f3micos del pa\u00eds.<\/p>\n\n\n\n<p>\u00ab(\u2026) Yo s\u00e9 por qu\u00e9 no se atreve nombrarla, porque lo amenazan. El retrato hablado que hace Luis Vicente Le\u00f3n, es nada m\u00e1s y nada menos que de la fascista y criminal mayor de este pa\u00eds, que es la Sayona [Mar\u00eda Corina Machado]\u00bb, detall\u00f3.<br><br>El Mandatario compar\u00f3 esta situaci\u00f3n con un \u00abretrato hablado\u00bb, utilizado en investigaciones criminales, donde se describe a un delincuente.<\/p>\n\n\n\n<p>\u00abEntonces empieza, bueno, el criminal ten\u00eda el pelo bajito, ten\u00eda la cara ovalada, ten\u00eda la nariz redondita\u00bb, explic\u00f3 Maduro, sugiriendo que Luis Vicente Le\u00f3n elabora descripciones que, aunque no nombran directamente a los culpables, revelan su identidad.<\/p>\n\n\n\n<p>Adem\u00e1s, el Presidente describi\u00f3 a Le\u00f3n como un experto en encuestas estad\u00edstica y opini\u00f3n p\u00fablica, siempre del bando opositor\u00bb, destacando su postura antichavista y su conexi\u00f3n con inversionistas internacionales.<\/p>\n\n\n\n<p><br>El Dignatario indic\u00f3 que quienes conspiran contra la Naci\u00f3n est\u00e1n perdiendo su dinero.<\/p>\n\n\n\n<p>\u00abPero all\u00e1 ellos, que pierdan sus riales. Venezuela sigue para delante con esfuerzo propio, con amor y con nuestras manos vamos a construir una Patria totalmente libre de sanciones, bloqueos y amenazas\u00bb, enfatiz\u00f3.<\/p>\n\n\n\n<p><br><strong>Prensa Presidencial \/ Eduardo Hueck<\/strong><\/p>\n\n\n\n<p><\/p>\n\n\n\n<p><\/p>\n","protected":false},"excerpt":{"rendered":"<p>Palacio de Miraflores, Caracas.- El presidente de la Rep\u00fablica Bolivariana de Venezuela, Nicol\u00e1s Maduro, denunci\u00f3 que quienes est\u00e1n detr\u00e1s de \u00abtodo el plan para el sabotaje contra la econom\u00eda venezolana\u00bb, son el lobby mayamero y su principal promotora, Mar\u00eda Corina Machado. \u00ab(\u2026) la Sayona [Mar\u00eda Corina Machado] es la que est\u00e1 detr\u00e1s de todo el [&hellip;]<\/p>\n","protected":false},"author":1,"featured_media":18018,"comment_status":"open","ping_status":"open","sticky":false,"template":"","format":"standard","meta":{"footnotes":""},"categories":[18,7],"tags":[1473,1474],"class_list":["post-18017","post","type-post","status-publish","format-standard","has-post-thumbnail","hentry","category-noticias-principales","category-notas-de-prensa","tag-lobbys","tag-miami"],"_links":{"self":[{"href":"https:\/\/prensapresidencialvenezuela.gob.ve\/index.php\/wp-json\/wp\/v2\/posts\/18017","targetHints":{"allow":["GET"]}}],"collection":[{"href":"https:\/\/prensapresidencialvenezuela.gob.ve\/index.php\/wp-json\/wp\/v2\/posts"}],"about":[{"href":"https:\/\/prensapresidencialvenezuela.gob.ve\/index.php\/wp-json\/wp\/v2\/types\/post"}],"author":[{"embeddable":true,"href":"https:\/\/prensapresidencialvenezuela.gob.ve\/index.php\/wp-json\/wp\/v2\/users\/1"}],"replies":[{"embeddable":true,"href":"https:\/\/prensapresidencialvenezuela.gob.ve\/index.php\/wp-json\/wp\/v2\/comments?post=18017"}],"version-history":[{"count":1,"href":"https:\/\/prensapresidencialvenezuela.gob.ve\/index.php\/wp-json\/wp\/v2\/posts\/18017\/revisions"}],"predecessor-version":[{"id":18019,"href":"https:\/\/prensapresidencialvenezuela.gob.ve\/index.php\/wp-json\/wp\/v2\/posts\/18017\/revisions\/18019"}],"wp:featuredmedia":[{"embeddable":true,"href":"https:\/\/prensapresidencialvenezuela.gob.ve\/index.php\/wp-json\/wp\/v2\/media\/18018"}],"wp:attachment":[{"href":"https:\/\/prensapresidencialvenezuela.gob.ve\/index.php\/wp-json\/wp\/v2\/media?parent=18017"}],"wp:term":[{"taxonomy":"category","embeddable":true,"href":"https:\/\/prensapresidencialvenezuela.gob.ve\/index.php\/wp-json\/wp\/v2\/categories?post=18017"},{"taxonomy":"post_tag","embeddable":true,"href":"https:\/\/prensapresidencialvenezuela.gob.ve\/index.php\/wp-json\/wp\/v2\/tags?post=18017"}],"curies":[{"name":"wp","href":"https:\/\/api.w.org\/{rel}","templated":true}]}}