{"id":18020,"date":"2025-03-10T21:37:11","date_gmt":"2025-03-11T01:37:11","guid":{"rendered":"https:\/\/prensapresidencialvenezuela.gob.ve\/?p=18020"},"modified":"2025-03-10T21:37:11","modified_gmt":"2025-03-11T01:37:11","slug":"entregaran-proyecto-patria-grande-del-sur-al-movimiento-sin-tierras-de-brasil-en-los-proximos-dias","status":"publish","type":"post","link":"https:\/\/prensapresidencialvenezuela.gob.ve\/index.php\/2025\/03\/10\/entregaran-proyecto-patria-grande-del-sur-al-movimiento-sin-tierras-de-brasil-en-los-proximos-dias\/","title":{"rendered":"Entregar\u00e1n Proyecto Patria Grande del Sur al Movimiento Sin Tierras de Brasil en los pr\u00f3ximos d\u00edas"},"content":{"rendered":"\n<p><strong>Palacio de Miraflores, Caracas<\/strong>.- Con el prop\u00f3sito de impulsar el sector productivo en el pa\u00eds, el presidente de la Rep\u00fablica Bolivariana de Venezuela, Nicol\u00e1s Maduro Moros, entregar\u00e1 en los pr\u00f3ximos d\u00edas el Proyecto Patria Grande del Sur al Movimiento Sin Tierras de Brasil&nbsp; (MST), un gran plan productivo que consta de m\u00e1s 180 mil hect\u00e1reas.<\/p>\n\n\n\n<p>Este proyecto est\u00e1 situado en La Vergare\u00f1a, estado Bol\u00edvar, y se desarrolla en conjunto con los movimientos campesinos e ind\u00edgenas, comuneros y comuneras, integraci\u00f3n y articulaci\u00f3n de los entes encargados, en una sola fuerza para fortalecer la producci\u00f3n de los campesinos en este sector.<\/p>\n\n\n\n<p>En este sentido, el Mandatario nacional puntualiz\u00f3 que este plan se desarrolla con el objetivo de proyectar, con fuerza, el concepto del conuco en distintas escalas y en todo el territorio nacional.<\/p>\n\n\n\n<p>El secretario ejecutivo de la Alianza Bolivariana para los Pueblos de Nuestra Am\u00e9rica, Jorge Arreaza, en septiembre del 2024, dijo que el Movimiento Sin Tierras, con los l\u00edderes del Gobierno de Brasil, en conjunto con el Gobierno Bolivariano, siempre tuvieron la visi\u00f3n del apuntalamiento de este proyecto en tierras venezolanas y brasile\u00f1as, para la producci\u00f3n de alimentos para ambos pueblos.<\/p>\n\n\n\n<p><strong>Prensa Presidencial\/Irmary D\u00edaz. <\/strong><strong><\/strong><\/p>\n","protected":false},"excerpt":{"rendered":"<p>Palacio de Miraflores, Caracas.- Con el prop\u00f3sito de impulsar el sector productivo en el pa\u00eds, el presidente de la Rep\u00fablica Bolivariana de Venezuela, Nicol\u00e1s Maduro Moros, entregar\u00e1 en los pr\u00f3ximos d\u00edas el Proyecto Patria Grande del Sur al Movimiento Sin Tierras de Brasil&nbsp; (MST), un gran plan productivo que consta de m\u00e1s 180 mil hect\u00e1reas. [&hellip;]<\/p>\n","protected":false},"author":1,"featured_media":18021,"comment_status":"open","ping_status":"open","sticky":false,"template":"","format":"standard","meta":{"footnotes":""},"categories":[18,7],"tags":[1438,1090,553],"class_list":["post-18020","post","type-post","status-publish","format-standard","has-post-thumbnail","hentry","category-noticias-principales","category-notas-de-prensa","tag-grande","tag-movimiento","tag-patria"],"_links":{"self":[{"href":"https:\/\/prensapresidencialvenezuela.gob.ve\/index.php\/wp-json\/wp\/v2\/posts\/18020","targetHints":{"allow":["GET"]}}],"collection":[{"href":"https:\/\/prensapresidencialvenezuela.gob.ve\/index.php\/wp-json\/wp\/v2\/posts"}],"about":[{"href":"https:\/\/prensapresidencialvenezuela.gob.ve\/index.php\/wp-json\/wp\/v2\/types\/post"}],"author":[{"embeddable":true,"href":"https:\/\/prensapresidencialvenezuela.gob.ve\/index.php\/wp-json\/wp\/v2\/users\/1"}],"replies":[{"embeddable":true,"href":"https:\/\/prensapresidencialvenezuela.gob.ve\/index.php\/wp-json\/wp\/v2\/comments?post=18020"}],"version-history":[{"count":1,"href":"https:\/\/prensapresidencialvenezuela.gob.ve\/index.php\/wp-json\/wp\/v2\/posts\/18020\/revisions"}],"predecessor-version":[{"id":18022,"href":"https:\/\/prensapresidencialvenezuela.gob.ve\/index.php\/wp-json\/wp\/v2\/posts\/18020\/revisions\/18022"}],"wp:featuredmedia":[{"embeddable":true,"href":"https:\/\/prensapresidencialvenezuela.gob.ve\/index.php\/wp-json\/wp\/v2\/media\/18021"}],"wp:attachment":[{"href":"https:\/\/prensapresidencialvenezuela.gob.ve\/index.php\/wp-json\/wp\/v2\/media?parent=18020"}],"wp:term":[{"taxonomy":"category","embeddable":true,"href":"https:\/\/prensapresidencialvenezuela.gob.ve\/index.php\/wp-json\/wp\/v2\/categories?post=18020"},{"taxonomy":"post_tag","embeddable":true,"href":"https:\/\/prensapresidencialvenezuela.gob.ve\/index.php\/wp-json\/wp\/v2\/tags?post=18020"}],"curies":[{"name":"wp","href":"https:\/\/api.w.org\/{rel}","templated":true}]}}