{"id":18023,"date":"2025-03-10T21:45:33","date_gmt":"2025-03-11T01:45:33","guid":{"rendered":"https:\/\/prensapresidencialvenezuela.gob.ve\/?p=18023"},"modified":"2025-03-10T21:45:34","modified_gmt":"2025-03-11T01:45:34","slug":"mandatario-denuncia-conspiraciones-de-la-oposicion-y-llama-a-la-unidad-revolucionaria-del-pueblo-venezolano","status":"publish","type":"post","link":"https:\/\/prensapresidencialvenezuela.gob.ve\/index.php\/2025\/03\/10\/mandatario-denuncia-conspiraciones-de-la-oposicion-y-llama-a-la-unidad-revolucionaria-del-pueblo-venezolano\/","title":{"rendered":"Mandatario denuncia conspiraciones de la oposici\u00f3n y llama a la unidad revolucionaria del pueblo venezolano"},"content":{"rendered":"\n<p><strong>Palacio de Miraflores, Caracas. &#8211;<\/strong> En la transmisi\u00f3n de su programa Con Maduro +, el Presidente de la Rep\u00fablica Bolivariana de Venezuela, Nicol\u00e1s Maduro, hizo un fuerte llamado al pueblo venezolano, denunciando las recientes manifestaciones de la oposici\u00f3n lideradas por figuras como Julio Borges.<\/p>\n\n\n\n<p>En sus declaraciones, el jefe de Estado rechaz\u00f3 las afirmaciones del actor del fascismo Julio Borges, quien afirm\u00f3 que el 70% de los venezolanos \u201crespaldan las sanciones impuestas por potencias extranjeras y est\u00e1n dispuestos a hacer sacrificios en su contra\u201d.<\/p>\n\n\n\n<p>Ante estas declaraciones, el Mandatario resalt\u00f3: \u00abSe ha cansado de conspirar contra Venezuela. All\u00e1 en su mansi\u00f3n en Espa\u00f1a, sigue haciendo lobby para hacerle da\u00f1o a nuestra naci\u00f3n. Nuestro pueblo sabe la verdad\u00bb, afirm\u00f3 el Presidente, enfatizando el car\u00e1cter traicionero de quienes buscan desestabilizar la patria desde el extranjero.<\/p>\n\n\n\n<p>\u00abEs muy lamentable que la oposici\u00f3n cuente con personajes tan ruin, tan baja, tan vulgar, tan criminal y corrupta como Julio Borges\u00bb, a\u00f1adi\u00f3 Maduro, resaltando la falta de \u00e9tica y compromiso de un liderazgo que, seg\u00fan \u00e9l, no representa los intereses del pueblo.<\/p>\n\n\n\n<p>El jefe de Estado tambi\u00e9n inst\u00f3 a Borges a regresar a Venezuela y enfrentarse al pueblo. \u201cSi eres tan valiente, vente para Venezuela, te espero aqu\u00ed. Para que el pueblo venezolano haga justicia. Dale la cara al pueblo de Venezuela para que veas\u201d, exclam\u00f3, haciendo un llamado a la responsabilidad y a la valent\u00eda de aquellos que critican desde la distancia.<\/p>\n\n\n\n<p>El Dignatario reafirm\u00f3 su compromiso con la lucha antifascista y revolucionaria, instando a la unidad de todos los sectores del pa\u00eds. En un momento donde las sombras del fascismo intentan desdibujar la soberan\u00eda y el avance de la Revoluci\u00f3n Bolivariana, el presidente enfatiz\u00f3 la necesidad de estar alerta ante quienes, desde el exterior, buscan imponernos sus agendas.<\/p>\n\n\n\n<p>\u201cEn Venezuela, el pueblo es quien decide su futuro. No permitiremos que el odio y el fascismo nos dividan. Aqu\u00ed seguimos en pie de lucha por la soberan\u00eda, la paz y el desarrollo de nuestro pa\u00eds\u201d, concluy\u00f3.<\/p>\n\n\n\n<p><strong>Prensa Presidencial\/ Luis Tavera<\/strong><\/p>\n\n\n\n<p><\/p>\n","protected":false},"excerpt":{"rendered":"<p>Palacio de Miraflores, Caracas. &#8211; En la transmisi\u00f3n de su programa Con Maduro +, el Presidente de la Rep\u00fablica Bolivariana de Venezuela, Nicol\u00e1s Maduro, hizo un fuerte llamado al pueblo venezolano, denunciando las recientes manifestaciones de la oposici\u00f3n lideradas por figuras como Julio Borges. En sus declaraciones, el jefe de Estado rechaz\u00f3 las afirmaciones del [&hellip;]<\/p>\n","protected":false},"author":1,"featured_media":18024,"comment_status":"open","ping_status":"open","sticky":false,"template":"","format":"standard","meta":{"footnotes":""},"categories":[18,7],"tags":[1475,451,479],"class_list":["post-18023","post","type-post","status-publish","format-standard","has-post-thumbnail","hentry","category-noticias-principales","category-notas-de-prensa","tag-conspiraciones","tag-pueblo","tag-unidad"],"_links":{"self":[{"href":"https:\/\/prensapresidencialvenezuela.gob.ve\/index.php\/wp-json\/wp\/v2\/posts\/18023","targetHints":{"allow":["GET"]}}],"collection":[{"href":"https:\/\/prensapresidencialvenezuela.gob.ve\/index.php\/wp-json\/wp\/v2\/posts"}],"about":[{"href":"https:\/\/prensapresidencialvenezuela.gob.ve\/index.php\/wp-json\/wp\/v2\/types\/post"}],"author":[{"embeddable":true,"href":"https:\/\/prensapresidencialvenezuela.gob.ve\/index.php\/wp-json\/wp\/v2\/users\/1"}],"replies":[{"embeddable":true,"href":"https:\/\/prensapresidencialvenezuela.gob.ve\/index.php\/wp-json\/wp\/v2\/comments?post=18023"}],"version-history":[{"count":1,"href":"https:\/\/prensapresidencialvenezuela.gob.ve\/index.php\/wp-json\/wp\/v2\/posts\/18023\/revisions"}],"predecessor-version":[{"id":18025,"href":"https:\/\/prensapresidencialvenezuela.gob.ve\/index.php\/wp-json\/wp\/v2\/posts\/18023\/revisions\/18025"}],"wp:featuredmedia":[{"embeddable":true,"href":"https:\/\/prensapresidencialvenezuela.gob.ve\/index.php\/wp-json\/wp\/v2\/media\/18024"}],"wp:attachment":[{"href":"https:\/\/prensapresidencialvenezuela.gob.ve\/index.php\/wp-json\/wp\/v2\/media?parent=18023"}],"wp:term":[{"taxonomy":"category","embeddable":true,"href":"https:\/\/prensapresidencialvenezuela.gob.ve\/index.php\/wp-json\/wp\/v2\/categories?post=18023"},{"taxonomy":"post_tag","embeddable":true,"href":"https:\/\/prensapresidencialvenezuela.gob.ve\/index.php\/wp-json\/wp\/v2\/tags?post=18023"}],"curies":[{"name":"wp","href":"https:\/\/api.w.org\/{rel}","templated":true}]}}