{"id":18030,"date":"2025-03-10T22:23:54","date_gmt":"2025-03-11T02:23:54","guid":{"rendered":"https:\/\/prensapresidencialvenezuela.gob.ve\/?p=18030"},"modified":"2025-03-10T22:23:54","modified_gmt":"2025-03-11T02:23:54","slug":"gobierno-bolivariano-propone-incluir-municipios-del-norte-del-tachira-en-zee-binacional","status":"publish","type":"post","link":"https:\/\/prensapresidencialvenezuela.gob.ve\/index.php\/2025\/03\/10\/gobierno-bolivariano-propone-incluir-municipios-del-norte-del-tachira-en-zee-binacional\/","title":{"rendered":"Gobierno Bolivariano propone incluir municipios del norte del T\u00e1chira en ZEE binacional"},"content":{"rendered":"\n<p><strong>Palacio de Miraflores, Caracas.-<\/strong>El presidente de la Rep\u00fablica Bolivariana de Venezuela, Nicol\u00e1s Maduro, aprob\u00f3la propuesta de su homologo colombiano, Gustavo Petro destinada a fortalecer la cooperaci\u00f3n econ\u00f3mica entre Venezuela y Colombia.<\/p>\n\n\n\n<p>Este lunes, durante su programa \u00abCon Maduro +\u00bb, el presidente destac\u00f3 la necesidad de incluir nuevos municipios al norte del estado T\u00e1chira en la zona del Catatumbo, en un esfuerzo conjunto por potenciar la inversi\u00f3n y el desarrollo en ambas naciones.<\/p>\n\n\n\n<p><strong>Inversiones conjuntas para el desarrollo agr\u00edcola<\/strong><\/p>\n\n\n\n<p>El jefe de Estado subray\u00f3 que el objetivo de esta iniciativa es promover inversiones que abarquen sectores clave como la agricultura primaria, la agroindustria y el turismo.<\/p>\n\n\n\n<p>La propuesta busca que estas inversiones sean de car\u00e1cter binacional, con un enfoque p\u00fablico-privado que garantice un impacto positivo en la econom\u00eda y la sociedad de la frontera.<\/p>\n\n\n\n<p>\u00abNosotros hab\u00edamos concebido en un principio en el estado T\u00e1chira, pero ampliar la propuesta a otros municipios del Catatumbo permitir\u00e1 un desarrollo integral y sostenible\u00bb, afirm\u00f3 el Presidente. Este enfoque reconoce la importancia de una colaboraci\u00f3n activa que fomente el bienestar de las comunidades locales y respete la soberan\u00eda de ambas naciones.<\/p>\n\n\n\n<p><strong>Un llamado a la paz y a la convivencia<\/strong><\/p>\n\n\n\n<p>La idea &nbsp;no s\u00f3lo busca el desarrollo econ\u00f3mico, sino tambi\u00e9n la consolidaci\u00f3n de la paz en una regi\u00f3n marcada por la violencia y el desplazamiento. El presidente colombiano, Gustavo Petro, ha expresado su voluntad de dialogar sobre esta iniciativa, con el fin de mejorar la calidad de vida en la frontera y fomentar un entorno de paz.<\/p>\n\n\n\n<p>\u00abOjal\u00e1 podamos desarrollar esta idea de una Zona Econ\u00f3mica Binacional de desarrollo compartido\u00bb, enfatiz\u00f3 el jefe de Estado, destacando la relevancia de construir un futuro en conjunto, alejado de la confrontaci\u00f3n y la divisi\u00f3n. Esta perspectiva de di\u00e1logo y cooperaci\u00f3n se alinea con los intereses de ambos gobiernos en estabilizar la regi\u00f3n y fortalecer los lazos hist\u00f3ricos entre Venezuela y Colombia.<\/p>\n\n\n\n<p><strong>Perspectivas de un futuro compartido<\/strong><\/p>\n\n\n\n<p>La propuesta de crear una zona econ\u00f3mica especial en la frontera entre Colombia y Venezuela representa una oportunidad \u00fanica para transformar la realidad de miles de ciudadanos. Con un enfoque renovado en el desarrollo conjunto, se abren las puertas a un futuro donde la colaboraci\u00f3n y el respeto mutuo sean las bases para enfrentar desaf\u00edos comunes.<\/p>\n\n\n\n<p>La iniciativa, m\u00e1s que un proyecto econ\u00f3mico, simboliza un compromiso con la paz, la unidad y la prosperidad de dos pueblos que han compartido historia y cultura. A medida que avancen las negociaciones, la esperanza florece en una regi\u00f3n que anhela un cambio profundo y significativo.<\/p>\n\n\n\n<p><strong>Prensa Presidencial \/ Luis Tavera<\/strong><\/p>\n","protected":false},"excerpt":{"rendered":"<p>Palacio de Miraflores, Caracas.-El presidente de la Rep\u00fablica Bolivariana de Venezuela, Nicol\u00e1s Maduro, aprob\u00f3la propuesta de su homologo colombiano, Gustavo Petro destinada a fortalecer la cooperaci\u00f3n econ\u00f3mica entre Venezuela y Colombia. Este lunes, durante su programa \u00abCon Maduro +\u00bb, el presidente destac\u00f3 la necesidad de incluir nuevos municipios al norte del estado T\u00e1chira en la [&hellip;]<\/p>\n","protected":false},"author":1,"featured_media":18031,"comment_status":"open","ping_status":"open","sticky":false,"template":"","format":"standard","meta":{"footnotes":""},"categories":[18,7],"tags":[577,194],"class_list":["post-18030","post","type-post","status-publish","format-standard","has-post-thumbnail","hentry","category-noticias-principales","category-notas-de-prensa","tag-tachira","tag-zee"],"_links":{"self":[{"href":"https:\/\/prensapresidencialvenezuela.gob.ve\/index.php\/wp-json\/wp\/v2\/posts\/18030","targetHints":{"allow":["GET"]}}],"collection":[{"href":"https:\/\/prensapresidencialvenezuela.gob.ve\/index.php\/wp-json\/wp\/v2\/posts"}],"about":[{"href":"https:\/\/prensapresidencialvenezuela.gob.ve\/index.php\/wp-json\/wp\/v2\/types\/post"}],"author":[{"embeddable":true,"href":"https:\/\/prensapresidencialvenezuela.gob.ve\/index.php\/wp-json\/wp\/v2\/users\/1"}],"replies":[{"embeddable":true,"href":"https:\/\/prensapresidencialvenezuela.gob.ve\/index.php\/wp-json\/wp\/v2\/comments?post=18030"}],"version-history":[{"count":1,"href":"https:\/\/prensapresidencialvenezuela.gob.ve\/index.php\/wp-json\/wp\/v2\/posts\/18030\/revisions"}],"predecessor-version":[{"id":18032,"href":"https:\/\/prensapresidencialvenezuela.gob.ve\/index.php\/wp-json\/wp\/v2\/posts\/18030\/revisions\/18032"}],"wp:featuredmedia":[{"embeddable":true,"href":"https:\/\/prensapresidencialvenezuela.gob.ve\/index.php\/wp-json\/wp\/v2\/media\/18031"}],"wp:attachment":[{"href":"https:\/\/prensapresidencialvenezuela.gob.ve\/index.php\/wp-json\/wp\/v2\/media?parent=18030"}],"wp:term":[{"taxonomy":"category","embeddable":true,"href":"https:\/\/prensapresidencialvenezuela.gob.ve\/index.php\/wp-json\/wp\/v2\/categories?post=18030"},{"taxonomy":"post_tag","embeddable":true,"href":"https:\/\/prensapresidencialvenezuela.gob.ve\/index.php\/wp-json\/wp\/v2\/tags?post=18030"}],"curies":[{"name":"wp","href":"https:\/\/api.w.org\/{rel}","templated":true}]}}