{"id":18130,"date":"2025-03-13T18:08:09","date_gmt":"2025-03-13T22:08:09","guid":{"rendered":"https:\/\/prensapresidencialvenezuela.gob.ve\/?p=18130"},"modified":"2025-03-13T18:08:10","modified_gmt":"2025-03-13T22:08:10","slug":"presidente-maduro-encabeza-acto-con-la-patria-grande-del-sur","status":"publish","type":"post","link":"https:\/\/prensapresidencialvenezuela.gob.ve\/index.php\/2025\/03\/13\/presidente-maduro-encabeza-acto-con-la-patria-grande-del-sur\/","title":{"rendered":"Presidente Maduro encabeza acto con la Patria Grande del Sur"},"content":{"rendered":"\n<p><strong>Estado Miranda.-<\/strong> El presidente de la Rep\u00fablica Bolivariana de Venezuela, Nicol\u00e1s Maduro, encabeza acto con<a><\/a> la Patria Grande del Sur, en un contexto en el que, en d\u00edas recientes, anunciara la entrega del proyecto hom\u00f3nimo al Movimiento Sin Tierras (MST), de la Rep\u00fablica Federativa de Brasil, a objeto de promover y consolidar mayores alcances en el sector productivo nacional.<\/p>\n\n\n\n<p>Este plan socioproductivo, para optimizar la producci\u00f3n, cuenta con m\u00e1s de 180 mil hect\u00e1reas y se ubica en La Vergare\u00f1a, estado Bol\u00edvar.<\/p>\n\n\n\n<p>El mismo se pone en marcha con la tambi\u00e9n participaci\u00f3n de los movimientos campesinos e ind\u00edgenas, comuneros y comuneras, lo que le otorga a la iniciativa una visi\u00f3n heterog\u00e9nea y unionista.<\/p>\n\n\n\n<p>En contexto, el jefe de Estado venezolano y el l\u00edder del Movimiento de Trabajadores sin Tierra, Joao Pedro St\u00e9dile, presentaron en el a\u00f1o 2024, ante el pa\u00eds y el mundo, los detalles del Gran Proyecto Productivo de la Patria Grande del Sur, cuando lo definieron como un programa agr\u00edcola nacional de siembra para promover seguridad alimentaria y pr\u00e1cticas productivas amigables con el medioambiente.<\/p>\n\n\n\n<p>De igual manera, el plan se presenta con la visi\u00f3n de Gran Conuco, en distintas escalas y a lo largo y ancho del pa\u00eds, siendo el Movimiento Sin Tierras, con los l\u00edderes de Brasil, un paso adelante que perfila este proyecto en tierras venezolanas y brasile\u00f1as, para la producci\u00f3n de alimentos en los dos pa\u00edses.<\/p>\n\n\n\n<p>En esta jornada lo acompa\u00f1an la Primera Dama, Cilia Flores; la vicepresidenta ejecutiva, Delcy Rodr\u00edguez; el ministro del Despacho de la Presidencial, An\u00edbal Coronado; El ministro de Pesca y Acuicultura, y jefe del Motor Agroalimentario, Pesquero y Acu\u00edcola, Juan Carlos Loyo; y el ministro de Comunicaci\u00f3n e Informaci\u00f3n, Freddy \u00d1\u00e1\u00f1ez.<\/p>\n\n\n\n<p><strong>Contexto econ\u00f3mico venezolano<\/strong><\/p>\n\n\n\n<p>El Dignatario nacional enfatiz\u00f3 en d\u00edas recientes, que el nuevo modelo econ\u00f3mico del pa\u00eds est\u00e1 basado en la Producci\u00f3n, Abastecimiento y Exportaci\u00f3n (PAE), todo ello para continuar transitando en el camino de la construcci\u00f3n de la \u00abf\u00f3rmula perfecta\u00bb.<\/p>\n\n\n\n<p>Este nuevo modelo ha sido establecido tras el impacto de la Guerra Econ\u00f3mica en contra de todos los venezolanos y venezolanas, cuando sus objetivos eran debilitar la econom\u00eda nacional, la cual en la actualidad exhibe 13 motores de la Agenda Econ\u00f3mica Bolivariana, que se encuentran activos y en fase productiva, para elevar su aceleraci\u00f3n y profundizaci\u00f3n en la conformaci\u00f3n de un modelo integral, nacional, articulado con el mundo y que cumpla con tres factores: producci\u00f3n, abastecimiento y exportaci\u00f3n.<\/p>\n\n\n\n<p><strong>Prensa Presidencial\/ Ana\u00eds P\u00e9rez<\/strong><\/p>\n","protected":false},"excerpt":{"rendered":"<p>Estado Miranda.- El presidente de la Rep\u00fablica Bolivariana de Venezuela, Nicol\u00e1s Maduro, encabeza acto con la Patria Grande del Sur, en un contexto en el que, en d\u00edas recientes, anunciara la entrega del proyecto hom\u00f3nimo al Movimiento Sin Tierras (MST), de la Rep\u00fablica Federativa de Brasil, a objeto de promover y consolidar mayores alcances en [&hellip;]<\/p>\n","protected":false},"author":1,"featured_media":18131,"comment_status":"open","ping_status":"open","sticky":false,"template":"","format":"standard","meta":{"footnotes":""},"categories":[18,7],"tags":[38,19,27,20],"class_list":["post-18130","post","type-post","status-publish","format-standard","has-post-thumbnail","hentry","category-noticias-principales","category-notas-de-prensa","tag-diplomacia-bolivariana-de-paz","tag-nicolas-maduro","tag-revolucion-bolivariana","tag-venezuela"],"_links":{"self":[{"href":"https:\/\/prensapresidencialvenezuela.gob.ve\/index.php\/wp-json\/wp\/v2\/posts\/18130","targetHints":{"allow":["GET"]}}],"collection":[{"href":"https:\/\/prensapresidencialvenezuela.gob.ve\/index.php\/wp-json\/wp\/v2\/posts"}],"about":[{"href":"https:\/\/prensapresidencialvenezuela.gob.ve\/index.php\/wp-json\/wp\/v2\/types\/post"}],"author":[{"embeddable":true,"href":"https:\/\/prensapresidencialvenezuela.gob.ve\/index.php\/wp-json\/wp\/v2\/users\/1"}],"replies":[{"embeddable":true,"href":"https:\/\/prensapresidencialvenezuela.gob.ve\/index.php\/wp-json\/wp\/v2\/comments?post=18130"}],"version-history":[{"count":1,"href":"https:\/\/prensapresidencialvenezuela.gob.ve\/index.php\/wp-json\/wp\/v2\/posts\/18130\/revisions"}],"predecessor-version":[{"id":18132,"href":"https:\/\/prensapresidencialvenezuela.gob.ve\/index.php\/wp-json\/wp\/v2\/posts\/18130\/revisions\/18132"}],"wp:featuredmedia":[{"embeddable":true,"href":"https:\/\/prensapresidencialvenezuela.gob.ve\/index.php\/wp-json\/wp\/v2\/media\/18131"}],"wp:attachment":[{"href":"https:\/\/prensapresidencialvenezuela.gob.ve\/index.php\/wp-json\/wp\/v2\/media?parent=18130"}],"wp:term":[{"taxonomy":"category","embeddable":true,"href":"https:\/\/prensapresidencialvenezuela.gob.ve\/index.php\/wp-json\/wp\/v2\/categories?post=18130"},{"taxonomy":"post_tag","embeddable":true,"href":"https:\/\/prensapresidencialvenezuela.gob.ve\/index.php\/wp-json\/wp\/v2\/tags?post=18130"}],"curies":[{"name":"wp","href":"https:\/\/api.w.org\/{rel}","templated":true}]}}