{"id":18144,"date":"2025-03-13T19:48:49","date_gmt":"2025-03-13T23:48:49","guid":{"rendered":"https:\/\/prensapresidencialvenezuela.gob.ve\/?p=18144"},"modified":"2025-03-13T20:11:28","modified_gmt":"2025-03-14T00:11:28","slug":"educacion-y-trabajo-en-el-campo-para-la-nueva-generacion-venezolana","status":"publish","type":"post","link":"https:\/\/prensapresidencialvenezuela.gob.ve\/index.php\/2025\/03\/13\/educacion-y-trabajo-en-el-campo-para-la-nueva-generacion-venezolana\/","title":{"rendered":"Educaci\u00f3n y trabajo en el campo para la nueva generaci\u00f3n venezolana"},"content":{"rendered":"\n<p><strong>Estado Miranda.-<\/strong> El presidente de la Rep\u00fablica Bolivariana de Venezuela, Nicol\u00e1s Maduro, ha enfatizado la importancia de que tanto hombres como mujeres se integren activamente en el Proyecto Patria Grande del Sur. En sus recientes declaraciones, el l\u00edder revolucionario destac\u00f3 que no solo se necesita mano de obra, sino tambi\u00e9n un enfoque renovado en la educaci\u00f3n de la juventud.&nbsp;<\/p>\n\n\n\n<p>\u00abEs fundamental que nuestros j\u00f3venes se dirijan al campo, que reciban formaci\u00f3n adecuada y se preparen para producir en la tierra\u00bb, afirm\u00f3. Este llamado a la acci\u00f3n busca empoderar a la nueva generaci\u00f3n para que, una vez formados, puedan llevar adelante un modelo productivo al servicio de sus comunidades.<\/p>\n\n\n\n<p><strong>Experiencia del Movimiento Sin Tierra de Brasil<\/strong><\/p>\n\n\n\n<p>El jefe de Estado invit\u00f3 a trabajar en conjunto con el Movimiento Sin Tierra (MST) de Brasil, reconocido internacionalmente por su labor en la defensa de la tierra y los derechos de los campesinos.<\/p>\n\n\n\n<p>\u00abLes pido a nuestros compa\u00f1eros ind\u00edgenas, campesinos y fuerzas militares, que colaboren con el MST; debemos aprender de su experiencia de cuatro d\u00e9cadas en la lucha por la soberan\u00eda alimentaria\u00bb, propuso el Mandatario. Esta colaboraci\u00f3n representar\u00eda un paso clave hacia el fortalecimiento de la agricultura en Venezuela, promoviendo un modelo m\u00e1s sostenible y aut\u00f3ctono.<\/p>\n\n\n\n<p><strong>El conuco como esencia de nuestra agricultura<\/strong><\/p>\n\n\n\n<p>El presidente Maduro enfatiz\u00f3 la necesidad de rescatar el concepto de \u00abconuco\u00bb, una pr\u00e1ctica agr\u00edcola ancestral de los pueblos originarios.<\/p>\n\n\n\n<p>\u00abEl conuco es la esencia del movimiento campesino e ind\u00edgena venezolano a lo largo de milenios. Cuidar la tierra para que siempre produzca es nuestra responsabilidad\u00bb, se\u00f1al\u00f3. Este concepto, seg\u00fan Maduro, no solo debe ser revitalizado, sino tambi\u00e9n escalado y adaptado a nuestras realidades, promoviendo una agricultura agroecol\u00f3gica que no sea invasiva ni contaminante.<\/p>\n\n\n\n<p><strong>Rompiendo con los paradigmas del pasado<\/strong><\/p>\n\n\n\n<p>\u00abQueremos romper con los viejos paradigmas impuestos desde Occidente, que se niegan a morir\u00bb, afirm\u00f3 el Presidente. Este mensaje busca inspirar un nuevo entendimiento y respeto hacia la agricultura local y sus m\u00e9todos, invitando a la sociedad venezolana a forjar su propio camino hacia el desarrollo sostenible.<\/p>\n\n\n\n<p>\u00abQue nazca nuestro concepto, que nazca el concepto del conuco de escala\u00bb, concluy\u00f3 el Presidente, reafirmando su compromiso con una revoluci\u00f3n agraria basada en los principios de la justicia social y la solidaridad.<\/p>\n\n\n\n<p>Este proceso, guiado por la sabidur\u00eda de los pueblos originarios y el trabajo en conjunto con organizaciones como el MST, puede abrir nuevas posibilidades para una Venezuela libre y soberana, donde la tierra y su producci\u00f3n sean patrimonio de todos.<\/p>\n\n\n\n<p><a><strong>Prensa Presidencial\/ Luis Tavera<\/strong><\/a><\/p>\n","protected":false},"excerpt":{"rendered":"<p>Estado Miranda.- El presidente de la Rep\u00fablica Bolivariana de Venezuela, Nicol\u00e1s Maduro, ha enfatizado la importancia de que tanto hombres como mujeres se integren activamente en el Proyecto Patria Grande del Sur. En sus recientes declaraciones, el l\u00edder revolucionario destac\u00f3 que no solo se necesita mano de obra, sino tambi\u00e9n un enfoque renovado en la [&hellip;]<\/p>\n","protected":false},"author":1,"featured_media":18147,"comment_status":"open","ping_status":"open","sticky":false,"template":"","format":"standard","meta":{"footnotes":""},"categories":[18,7],"tags":[30,19,27,20],"class_list":["post-18144","post","type-post","status-publish","format-standard","has-post-thumbnail","hentry","category-noticias-principales","category-notas-de-prensa","tag-destacado","tag-nicolas-maduro","tag-revolucion-bolivariana","tag-venezuela"],"_links":{"self":[{"href":"https:\/\/prensapresidencialvenezuela.gob.ve\/index.php\/wp-json\/wp\/v2\/posts\/18144","targetHints":{"allow":["GET"]}}],"collection":[{"href":"https:\/\/prensapresidencialvenezuela.gob.ve\/index.php\/wp-json\/wp\/v2\/posts"}],"about":[{"href":"https:\/\/prensapresidencialvenezuela.gob.ve\/index.php\/wp-json\/wp\/v2\/types\/post"}],"author":[{"embeddable":true,"href":"https:\/\/prensapresidencialvenezuela.gob.ve\/index.php\/wp-json\/wp\/v2\/users\/1"}],"replies":[{"embeddable":true,"href":"https:\/\/prensapresidencialvenezuela.gob.ve\/index.php\/wp-json\/wp\/v2\/comments?post=18144"}],"version-history":[{"count":1,"href":"https:\/\/prensapresidencialvenezuela.gob.ve\/index.php\/wp-json\/wp\/v2\/posts\/18144\/revisions"}],"predecessor-version":[{"id":18146,"href":"https:\/\/prensapresidencialvenezuela.gob.ve\/index.php\/wp-json\/wp\/v2\/posts\/18144\/revisions\/18146"}],"wp:featuredmedia":[{"embeddable":true,"href":"https:\/\/prensapresidencialvenezuela.gob.ve\/index.php\/wp-json\/wp\/v2\/media\/18147"}],"wp:attachment":[{"href":"https:\/\/prensapresidencialvenezuela.gob.ve\/index.php\/wp-json\/wp\/v2\/media?parent=18144"}],"wp:term":[{"taxonomy":"category","embeddable":true,"href":"https:\/\/prensapresidencialvenezuela.gob.ve\/index.php\/wp-json\/wp\/v2\/categories?post=18144"},{"taxonomy":"post_tag","embeddable":true,"href":"https:\/\/prensapresidencialvenezuela.gob.ve\/index.php\/wp-json\/wp\/v2\/tags?post=18144"}],"curies":[{"name":"wp","href":"https:\/\/api.w.org\/{rel}","templated":true}]}}