{"id":18211,"date":"2025-03-15T21:06:30","date_gmt":"2025-03-16T01:06:30","guid":{"rendered":"https:\/\/prensapresidencialvenezuela.gob.ve\/?p=18211"},"modified":"2025-03-15T21:06:31","modified_gmt":"2025-03-16T01:06:31","slug":"jefe-de-estado-invita-a-la-oposicion-a-sumarse-al-proceso-electoral","status":"publish","type":"post","link":"https:\/\/prensapresidencialvenezuela.gob.ve\/index.php\/2025\/03\/15\/jefe-de-estado-invita-a-la-oposicion-a-sumarse-al-proceso-electoral\/","title":{"rendered":"Jefe de Estado invita a la oposici\u00f3n a sumarse al proceso electoral"},"content":{"rendered":"\n<p><strong>Palacio de Miraflores, Caracas.-<\/strong> El presidente de la Rep\u00fablica Bolivariana de Venezuela, Nicol\u00e1s Maduro, envi\u00f3 un contundente mensaje a la oposici\u00f3n, inst\u00e1ndola a inscribir sus candidatos y participar activamente en las elecciones que se celebrar\u00e1n el pr\u00f3ximo 25 de mayo para elegir gobernadores, consejos legislativos y diputados de la Asamblea Nacional.<\/p>\n\n\n\n<p>En un contacto telef\u00f3nico transmitido por Venezolana de Televisi\u00f3n, el presidente Maduro expres\u00f3 su deseo de ver a las diversas fracciones de la oposici\u00f3n inscritas y tomando parte en las elecciones.<\/p>\n\n\n\n<p>\u201cEspero que las varias oposiciones participen en las elecciones, llamen a participar e inscriban a sus candidatos. \u00a1Nos veremos las caras el 25 de mayo!\u201d, afirm\u00f3, resaltando la importancia de la inclusi\u00f3n en el proceso democr\u00e1tico.<\/p>\n\n\n\n<p>El jefe de Estado subray\u00f3 que la realidad pol\u00edtica en Venezuela es diversa y compleja, reconociendo la existencia de varias oposiciones despu\u00e9s de los acontecimientos recientes.<\/p>\n\n\n\n<p>\u201cRet\u00f3 a los representantes opositores a buscar a sus seguidores y darles el protagonismo que merecen\u201d, al tiempo que plante\u00f3 una interrogante fundamental: \u201c\u00bfPor qu\u00e9 no le dan protagonismo a la gente de la oposici\u00f3n? \u00bfA aquellos que realmente se identifican como opositores?\u201d.<\/p>\n\n\n\n<p><strong>La fuerza del PSUV<\/strong><\/p>\n\n\n\n<p>El Dignatario tambi\u00e9n destac\u00f3 la jornada de postulaciones realizada por el Partido Socialista Unido de Venezuela (PSUV) como un claro ejemplo de fuerza y organizaci\u00f3n. \u201cLo que hemos visto en nuestras asambleas avizora una gran victoria pol\u00edtica, electoral, democr\u00e1tica y constitucional\u201d, manifest\u00f3, enfatizando la fortaleza del chavismo en este crucial momento electoral.<\/p>\n\n\n\n<p><strong>Hacia un futuro de di\u00e1logo y participaci\u00f3n<\/strong><\/p>\n\n\n\n<p>El mensaje del presidente Maduro no s\u00f3lo invit\u00f3 a la participaci\u00f3n, sino que tambi\u00e9n abri\u00f3 la puerta a un di\u00e1logo necesario entre todas las fuerzas pol\u00edticas del pa\u00eds. Al fomentar la inclusi\u00f3n y la competitividad, el mandatario establece un marco para que las elecciones del 25 de mayo sean un verdadero reflejo de la voluntad popular.<\/p>\n\n\n\n<p>La pr\u00f3xima jornada electoral se perfila, entonces, como una oportunidad no s\u00f3lo para reafirmar el compromiso de la Revoluci\u00f3n Bolivariana, sino tambi\u00e9n como un espacio para que la oposici\u00f3n se manifieste y participe en la construcci\u00f3n de un futuro compartido para Venezuela.<\/p>\n\n\n\n<p><strong>Prensa Presidencial\/ Luis Tavera<\/strong><\/p>\n","protected":false},"excerpt":{"rendered":"<p>Palacio de Miraflores, Caracas.- El presidente de la Rep\u00fablica Bolivariana de Venezuela, Nicol\u00e1s Maduro, envi\u00f3 un contundente mensaje a la oposici\u00f3n, inst\u00e1ndola a inscribir sus candidatos y participar activamente en las elecciones que se celebrar\u00e1n el pr\u00f3ximo 25 de mayo para elegir gobernadores, consejos legislativos y diputados de la Asamblea Nacional. En un contacto telef\u00f3nico [&hellip;]<\/p>\n","protected":false},"author":1,"featured_media":17627,"comment_status":"open","ping_status":"open","sticky":false,"template":"","format":"standard","meta":{"footnotes":""},"categories":[18,7],"tags":[30,19,27,20],"class_list":["post-18211","post","type-post","status-publish","format-standard","has-post-thumbnail","hentry","category-noticias-principales","category-notas-de-prensa","tag-destacado","tag-nicolas-maduro","tag-revolucion-bolivariana","tag-venezuela"],"_links":{"self":[{"href":"https:\/\/prensapresidencialvenezuela.gob.ve\/index.php\/wp-json\/wp\/v2\/posts\/18211","targetHints":{"allow":["GET"]}}],"collection":[{"href":"https:\/\/prensapresidencialvenezuela.gob.ve\/index.php\/wp-json\/wp\/v2\/posts"}],"about":[{"href":"https:\/\/prensapresidencialvenezuela.gob.ve\/index.php\/wp-json\/wp\/v2\/types\/post"}],"author":[{"embeddable":true,"href":"https:\/\/prensapresidencialvenezuela.gob.ve\/index.php\/wp-json\/wp\/v2\/users\/1"}],"replies":[{"embeddable":true,"href":"https:\/\/prensapresidencialvenezuela.gob.ve\/index.php\/wp-json\/wp\/v2\/comments?post=18211"}],"version-history":[{"count":1,"href":"https:\/\/prensapresidencialvenezuela.gob.ve\/index.php\/wp-json\/wp\/v2\/posts\/18211\/revisions"}],"predecessor-version":[{"id":18212,"href":"https:\/\/prensapresidencialvenezuela.gob.ve\/index.php\/wp-json\/wp\/v2\/posts\/18211\/revisions\/18212"}],"wp:featuredmedia":[{"embeddable":true,"href":"https:\/\/prensapresidencialvenezuela.gob.ve\/index.php\/wp-json\/wp\/v2\/media\/17627"}],"wp:attachment":[{"href":"https:\/\/prensapresidencialvenezuela.gob.ve\/index.php\/wp-json\/wp\/v2\/media?parent=18211"}],"wp:term":[{"taxonomy":"category","embeddable":true,"href":"https:\/\/prensapresidencialvenezuela.gob.ve\/index.php\/wp-json\/wp\/v2\/categories?post=18211"},{"taxonomy":"post_tag","embeddable":true,"href":"https:\/\/prensapresidencialvenezuela.gob.ve\/index.php\/wp-json\/wp\/v2\/tags?post=18211"}],"curies":[{"name":"wp","href":"https:\/\/api.w.org\/{rel}","templated":true}]}}