{"id":1822,"date":"2022-05-01T14:40:00","date_gmt":"2022-05-01T14:40:00","guid":{"rendered":"http:\/\/172.27.0.121\/?p=1822"},"modified":"2022-06-30T14:41:11","modified_gmt":"2022-06-30T14:41:11","slug":"presidente-felicita-a-la-clase-obrera-que-se-movilizo-con-conciencia-socialista","status":"publish","type":"post","link":"https:\/\/prensapresidencialvenezuela.gob.ve\/index.php\/2022\/05\/01\/presidente-felicita-a-la-clase-obrera-que-se-movilizo-con-conciencia-socialista\/","title":{"rendered":"Presidente felicita a la clase obrera que se moviliz\u00f3 con conciencia socialista"},"content":{"rendered":"\n<p><strong>Palacio de Miraflores, Caracas.-<\/strong> El Presidente de la Rep\u00fablica Bolivariana de Venezuela, Nicol\u00e1s Maduro, felicit\u00f3 la gran marcha de los trabajadores y trabajadoras que desbord\u00f3 las calles del pa\u00eds para conmemorar los 136 a\u00f1os del D\u00eda Internacional de la Clase Obrera, que tiene su g\u00e9nesis en la lucha por las ocho horas de trabajo, descanso y recreaci\u00f3n, protagonizada por los valientes trabajadores de Chicago, el 1 de mayo de 1886.<\/p>\n\n\n\n<p>En ese contexto, resalt\u00f3 que quienes salieron a marchar hoy en Venezuela,&nbsp; en la movilizaci\u00f3n convocada por el Partido Socialista Unido de Venezuela (PSUV), y por la Central Bolivariana Socialista&nbsp; de Trabajadores y Trabajadoras, lo hicieron \u201cacompa\u00f1ando a la Revoluci\u00f3n Bolivariana y al Socialismo\u201d.<\/p>\n\n\n\n<p>\u201cHoy es el D\u00eda internacional de la Clase Obrera, porque es el D\u00eda internacional de la causa del socialismo (\u2026) Todos los que salgan a la calle a luchar por sus derechos el 1 de mayo deben saber qu\u00e9, el 1 de mayo es el D\u00eda de la lucha mundial por el socialismo, por la clase obrera\u201d, expres\u00f3 a quienes con conciencia antiimperialista desbordaron las calles del pa\u00eds.<\/p>\n\n\n\n<p>Igualmente, el Jefe de Estado, env\u00edo un saludo solidario y fraterno a la clase obrera de los pa\u00edses del Sur y de los Estados Unidos de Norteam\u00e9rica, quienes mantienen luchas igualitarias por la reivindicaci\u00f3n de sus derechos laborales y contra la dominaci\u00f3n y explotaci\u00f3n del hombre por el hombre, que expresa el capitalismo y los sistemas neoliberales.<\/p>\n\n\n\n<p><strong>Prensa Presidencial\/Yndira L\u00f3pez<\/strong><\/p>\n","protected":false},"excerpt":{"rendered":"<p>Palacio de Miraflores, Caracas.- El Presidente de la Rep\u00fablica Bolivariana de Venezuela, Nicol\u00e1s Maduro, felicit\u00f3 la gran marcha de los trabajadores y trabajadoras que desbord\u00f3 las calles del pa\u00eds para conmemorar los 136 a\u00f1os del D\u00eda Internacional de la Clase Obrera, que tiene su g\u00e9nesis en la lucha por las ocho horas de trabajo, descanso [&hellip;]<\/p>\n","protected":false},"author":6,"featured_media":1823,"comment_status":"open","ping_status":"open","sticky":false,"template":"","format":"standard","meta":{"footnotes":""},"categories":[7],"tags":[],"class_list":["post-1822","post","type-post","status-publish","format-standard","has-post-thumbnail","hentry","category-notas-de-prensa"],"_links":{"self":[{"href":"https:\/\/prensapresidencialvenezuela.gob.ve\/index.php\/wp-json\/wp\/v2\/posts\/1822","targetHints":{"allow":["GET"]}}],"collection":[{"href":"https:\/\/prensapresidencialvenezuela.gob.ve\/index.php\/wp-json\/wp\/v2\/posts"}],"about":[{"href":"https:\/\/prensapresidencialvenezuela.gob.ve\/index.php\/wp-json\/wp\/v2\/types\/post"}],"author":[{"embeddable":true,"href":"https:\/\/prensapresidencialvenezuela.gob.ve\/index.php\/wp-json\/wp\/v2\/users\/6"}],"replies":[{"embeddable":true,"href":"https:\/\/prensapresidencialvenezuela.gob.ve\/index.php\/wp-json\/wp\/v2\/comments?post=1822"}],"version-history":[{"count":1,"href":"https:\/\/prensapresidencialvenezuela.gob.ve\/index.php\/wp-json\/wp\/v2\/posts\/1822\/revisions"}],"predecessor-version":[{"id":1824,"href":"https:\/\/prensapresidencialvenezuela.gob.ve\/index.php\/wp-json\/wp\/v2\/posts\/1822\/revisions\/1824"}],"wp:featuredmedia":[{"embeddable":true,"href":"https:\/\/prensapresidencialvenezuela.gob.ve\/index.php\/wp-json\/wp\/v2\/media\/1823"}],"wp:attachment":[{"href":"https:\/\/prensapresidencialvenezuela.gob.ve\/index.php\/wp-json\/wp\/v2\/media?parent=1822"}],"wp:term":[{"taxonomy":"category","embeddable":true,"href":"https:\/\/prensapresidencialvenezuela.gob.ve\/index.php\/wp-json\/wp\/v2\/categories?post=1822"},{"taxonomy":"post_tag","embeddable":true,"href":"https:\/\/prensapresidencialvenezuela.gob.ve\/index.php\/wp-json\/wp\/v2\/tags?post=1822"}],"curies":[{"name":"wp","href":"https:\/\/api.w.org\/{rel}","templated":true}]}}