{"id":1825,"date":"2022-05-01T14:41:00","date_gmt":"2022-05-01T14:41:00","guid":{"rendered":"http:\/\/172.27.0.121\/?p=1825"},"modified":"2022-06-30T14:42:50","modified_gmt":"2022-06-30T14:42:50","slug":"pensionados-y-jubilados-entre-2018-y-2022-recibiran-bono-de-compensacion","status":"publish","type":"post","link":"https:\/\/prensapresidencialvenezuela.gob.ve\/index.php\/2022\/05\/01\/pensionados-y-jubilados-entre-2018-y-2022-recibiran-bono-de-compensacion\/","title":{"rendered":"Pensionados y jubilados entre 2018 y 2022 recibir\u00e1n bono de compensaci\u00f3n"},"content":{"rendered":"\n<p><strong>Palacio de Miraflores, Caracas.-<\/strong> Como una medida de justicia social, frente a los efectos nocivos de la guerra multiforme que sufre nuestro pa\u00eds, el presidente de la Rep\u00fablica Bolivariana de Venezuela, Nicol\u00e1s Maduro, anunci\u00f3 este 1 de mayo que quienes se hayan jubilado entre los a\u00f1os 2018 y 2022, recibir\u00e1n un bono \u00fanico reparador compensatorio de 10 mil bol\u00edvares.<\/p>\n\n\n\n<p>Record\u00f3 que las medidas coercitivas unilaterales impuestas por la Casa Blanca a nuestro pa\u00eds, afectaron considerablemente \u201cla vida de los jubilados y jubiladas quienes se fueron con un pago miserable\u201d.<\/p>\n\n\n\n<p>\u201cVamos a crear un bono \u00fanico reparador compensatorio para todos aquellos que hayan sido jubilados desde el 1 de enero del a\u00f1o 2018, hasta el primero de mayo del a\u00f1o 2022, un bono \u00fanico de 10 mil bol\u00edvares para reparar y compensar en algo a los jubilados y jubiladas de este per\u00edodo\u201d, anunci\u00f3 el Jefe de Estado, quien acompa\u00f1\u00f3 la gran marcha antiimperialista que conmemora en Venezuela el&nbsp; D\u00eda de la Clase Obrera y que, en Caracas culmin\u00f3 en la esquina de Santa Capilla al centro de la ciudad.<\/p>\n\n\n\n<p>A\u00f1adi\u00f3 que esta pol\u00edtica de protecci\u00f3n social, que reivindica los a\u00f1os de lucha y trabajo de miles de mujeres y hombres que por 30 a\u00f1os dieron su fuerza laboral para el desarrollo del pa\u00eds, ser\u00e1 cancelada en tres fracciones.<\/p>\n\n\n\n<p>Asimismo, mencion\u00f3 que podr\u00e1n ser revisadas las jubilaciones de a\u00f1os anteriores a esta fecha prenombrada, en el contexto del impacto negativo que han ocasionado la guerra multifactorial y el asedio y bloqueo econ\u00f3mico a nuestra naci\u00f3n.<\/p>\n\n\n\n<p>Igualmente, reiter\u00f3 que todos los recursos que ingresen al pa\u00eds por la v\u00eda del desarrollo econ\u00f3mico estar\u00e1n destinados a mejorar el estado de bienestar social de las y los trabajadores.<\/p>\n\n\n\n<p><strong>Prensa Presidencial\/Yndira L\u00f3pez<\/strong><\/p>\n","protected":false},"excerpt":{"rendered":"<p>Palacio de Miraflores, Caracas.- Como una medida de justicia social, frente a los efectos nocivos de la guerra multiforme que sufre nuestro pa\u00eds, el presidente de la Rep\u00fablica Bolivariana de Venezuela, Nicol\u00e1s Maduro, anunci\u00f3 este 1 de mayo que quienes se hayan jubilado entre los a\u00f1os 2018 y 2022, recibir\u00e1n un bono \u00fanico reparador compensatorio [&hellip;]<\/p>\n","protected":false},"author":6,"featured_media":1826,"comment_status":"open","ping_status":"open","sticky":false,"template":"","format":"standard","meta":{"footnotes":""},"categories":[7],"tags":[],"class_list":["post-1825","post","type-post","status-publish","format-standard","has-post-thumbnail","hentry","category-notas-de-prensa"],"_links":{"self":[{"href":"https:\/\/prensapresidencialvenezuela.gob.ve\/index.php\/wp-json\/wp\/v2\/posts\/1825","targetHints":{"allow":["GET"]}}],"collection":[{"href":"https:\/\/prensapresidencialvenezuela.gob.ve\/index.php\/wp-json\/wp\/v2\/posts"}],"about":[{"href":"https:\/\/prensapresidencialvenezuela.gob.ve\/index.php\/wp-json\/wp\/v2\/types\/post"}],"author":[{"embeddable":true,"href":"https:\/\/prensapresidencialvenezuela.gob.ve\/index.php\/wp-json\/wp\/v2\/users\/6"}],"replies":[{"embeddable":true,"href":"https:\/\/prensapresidencialvenezuela.gob.ve\/index.php\/wp-json\/wp\/v2\/comments?post=1825"}],"version-history":[{"count":1,"href":"https:\/\/prensapresidencialvenezuela.gob.ve\/index.php\/wp-json\/wp\/v2\/posts\/1825\/revisions"}],"predecessor-version":[{"id":1827,"href":"https:\/\/prensapresidencialvenezuela.gob.ve\/index.php\/wp-json\/wp\/v2\/posts\/1825\/revisions\/1827"}],"wp:featuredmedia":[{"embeddable":true,"href":"https:\/\/prensapresidencialvenezuela.gob.ve\/index.php\/wp-json\/wp\/v2\/media\/1826"}],"wp:attachment":[{"href":"https:\/\/prensapresidencialvenezuela.gob.ve\/index.php\/wp-json\/wp\/v2\/media?parent=1825"}],"wp:term":[{"taxonomy":"category","embeddable":true,"href":"https:\/\/prensapresidencialvenezuela.gob.ve\/index.php\/wp-json\/wp\/v2\/categories?post=1825"},{"taxonomy":"post_tag","embeddable":true,"href":"https:\/\/prensapresidencialvenezuela.gob.ve\/index.php\/wp-json\/wp\/v2\/tags?post=1825"}],"curies":[{"name":"wp","href":"https:\/\/api.w.org\/{rel}","templated":true}]}}