{"id":1853,"date":"2022-05-04T15:06:00","date_gmt":"2022-05-04T15:06:00","guid":{"rendered":"http:\/\/172.27.0.121\/?p=1853"},"modified":"2022-06-30T15:07:39","modified_gmt":"2022-06-30T15:07:39","slug":"venezuela-producira-3-millones-831-mil-498-quintales-de-cafe-en-el-2022-2","status":"publish","type":"post","link":"https:\/\/prensapresidencialvenezuela.gob.ve\/index.php\/2022\/05\/04\/venezuela-producira-3-millones-831-mil-498-quintales-de-cafe-en-el-2022-2\/","title":{"rendered":"Venezuela producir\u00e1 3 millones 831 mil 498 quintales de caf\u00e9 en el 2022"},"content":{"rendered":"\n<p><strong>Palacio de Miraflores, Caracas.- <\/strong>Gracias a las pr\u00e1cticas agroecol\u00f3gicas que aplican los caficultores nacionales, Venezuela actualmente produce 18 quintales de caf\u00e9 a escala nacional, posicionando a los estados Lara, Portuguesa y Trujillo, como las principales entidades productoras del pa\u00eds.<\/p>\n\n\n\n<p>\u201cPasamos de 3 millones 188 mil 880 quintales en 2021, a una proyecci\u00f3n de 3 millones 831 mil 498 quintales para este a\u00f1o\u201d, se\u00f1al\u00f3 el Mandatario, desde Fuerte Tiuna, donde se realiza el Primer Encuentro Internacional de Caf\u00e9 de Especialidad Venezolano (EICEV) 2022.<\/p>\n\n\n\n<p>En este sentido, ratific\u00f3 que \u201cesto es s\u00f3lo el principio de un proceso de crecimiento que vamos a llevar a pulso, porque ahora nos toca a todos. Venezuela dio un salto en la producci\u00f3n de quintales de caf\u00e9\u201d.<\/p>\n\n\n\n<p>De igual modo, destac\u00f3 que en el territorio nacional se encuentran 37 semillaristas (Centro Productores de Semillas de Caf\u00e9 y Pl\u00e1ntulas), as\u00ed como tambi\u00e9n 95 asociaciones de productores o beneficiadoras de caf\u00e9, lo que ha permitido ir fortaleciendo y consolidando la exportaci\u00f3n de este rubro.<\/p>\n\n\n\n<p>\u201cVenezuela ha recuperado con esfuerzo propio y tecnolog\u00eda propia su crecimiento econ\u00f3mico real, a pesar del bloque y las sanciones econ\u00f3micas y este tiempo en la pandemia ha sido milagroso\u201d, apunt\u00f3.<\/p>\n\n\n\n<p>Record\u00f3 que en 2021, Venezuela experiment\u00f3 el crecimiento por encima del 4%, \u201cy este a\u00f1o dicen los pronosticadores mundiales que vamos a crecer entre 5%, m\u00ednimo, a 20%\u201d.<\/p>\n\n\n\n<p>Al ofrecer un balance de la producci\u00f3n de caf\u00e9 de este a\u00f1o, resalt\u00f3 que desde el a\u00f1o 2017 se han modernizado a nivel nacional&nbsp; 40 mil hect\u00e1reas, con el prop\u00f3sito de obtener un producto de calidad.<\/p>\n\n\n\n<p>Finalmente, entreg\u00f3 reconocimientos a 15 productores nacionales, con el prop\u00f3sito de resaltar el trabajo de caficultores del pa\u00eds, quienes durante dos meses dieron a conocer sus productos a catadores internacionales, lo que evidencia el estudio de la producci\u00f3n del caf\u00e9 venezolano, a fin de constatar la calidad y comportamiento de este rubro, como parte de la consolidaci\u00f3n de la econom\u00eda productiva nacional.<\/p>\n\n\n\n<p><strong>Prensa Presidencial\/Joelin Jim\u00e9nez<\/strong><\/p>\n","protected":false},"excerpt":{"rendered":"<p>Palacio de Miraflores, Caracas.- Gracias a las pr\u00e1cticas agroecol\u00f3gicas que aplican los caficultores nacionales, Venezuela actualmente produce 18 quintales de caf\u00e9 a escala nacional, posicionando a los estados Lara, Portuguesa y Trujillo, como las principales entidades productoras del pa\u00eds. \u201cPasamos de 3 millones 188 mil 880 quintales en 2021, a una proyecci\u00f3n de 3 millones [&hellip;]<\/p>\n","protected":false},"author":6,"featured_media":1854,"comment_status":"open","ping_status":"open","sticky":false,"template":"","format":"standard","meta":{"footnotes":""},"categories":[7],"tags":[],"class_list":["post-1853","post","type-post","status-publish","format-standard","has-post-thumbnail","hentry","category-notas-de-prensa"],"_links":{"self":[{"href":"https:\/\/prensapresidencialvenezuela.gob.ve\/index.php\/wp-json\/wp\/v2\/posts\/1853","targetHints":{"allow":["GET"]}}],"collection":[{"href":"https:\/\/prensapresidencialvenezuela.gob.ve\/index.php\/wp-json\/wp\/v2\/posts"}],"about":[{"href":"https:\/\/prensapresidencialvenezuela.gob.ve\/index.php\/wp-json\/wp\/v2\/types\/post"}],"author":[{"embeddable":true,"href":"https:\/\/prensapresidencialvenezuela.gob.ve\/index.php\/wp-json\/wp\/v2\/users\/6"}],"replies":[{"embeddable":true,"href":"https:\/\/prensapresidencialvenezuela.gob.ve\/index.php\/wp-json\/wp\/v2\/comments?post=1853"}],"version-history":[{"count":1,"href":"https:\/\/prensapresidencialvenezuela.gob.ve\/index.php\/wp-json\/wp\/v2\/posts\/1853\/revisions"}],"predecessor-version":[{"id":1855,"href":"https:\/\/prensapresidencialvenezuela.gob.ve\/index.php\/wp-json\/wp\/v2\/posts\/1853\/revisions\/1855"}],"wp:featuredmedia":[{"embeddable":true,"href":"https:\/\/prensapresidencialvenezuela.gob.ve\/index.php\/wp-json\/wp\/v2\/media\/1854"}],"wp:attachment":[{"href":"https:\/\/prensapresidencialvenezuela.gob.ve\/index.php\/wp-json\/wp\/v2\/media?parent=1853"}],"wp:term":[{"taxonomy":"category","embeddable":true,"href":"https:\/\/prensapresidencialvenezuela.gob.ve\/index.php\/wp-json\/wp\/v2\/categories?post=1853"},{"taxonomy":"post_tag","embeddable":true,"href":"https:\/\/prensapresidencialvenezuela.gob.ve\/index.php\/wp-json\/wp\/v2\/tags?post=1853"}],"curies":[{"name":"wp","href":"https:\/\/api.w.org\/{rel}","templated":true}]}}