{"id":18576,"date":"2025-03-27T17:44:10","date_gmt":"2025-03-27T21:44:10","guid":{"rendered":"https:\/\/prensapresidencialvenezuela.gob.ve\/?p=18576"},"modified":"2025-03-27T17:44:11","modified_gmt":"2025-03-27T21:44:11","slug":"avances-en-la-consolidacion-del-sistema-de-gobierno-popular-y-comunal-supervisa-el-presidente-maduro","status":"publish","type":"post","link":"https:\/\/prensapresidencialvenezuela.gob.ve\/index.php\/2025\/03\/27\/avances-en-la-consolidacion-del-sistema-de-gobierno-popular-y-comunal-supervisa-el-presidente-maduro\/","title":{"rendered":"Avances en la consolidaci\u00f3n del Sistema de Gobierno Popular y Comunal, supervisa el presidente Maduro"},"content":{"rendered":"\n<p><strong>La Dolorita, Petare, estado Miranda.-<\/strong> El presidente de la Rep\u00fablica Bolivariana de Venezuela, Nicol\u00e1s Maduro, supervisa los avances en la ruta de la consolidaci\u00f3n del Sistema de Gobierno Popular y Comunal.<\/p>\n\n\n\n<p>Desde la Comuna Soberana del Poder Popular, en La Dolorita, el Jefe de Estado recorri\u00f3 los espacios de esta comunidad, donde se encuentran un Simoncito, el Complejo Comunal, la Sala de Gobierno y la Sala de la Juventud, entre otras \u00e1reas.<\/p>\n\n\n\n<p>Esta jornada reafirma el car\u00e1cter cualitativo de la Democracia Participativa y Protag\u00f3nica, as\u00ed como el anclaje profundo de la propuesta de Democracia Popular del comandante Hugo Ch\u00e1vez.<\/p>\n\n\n\n<p>La instalaci\u00f3n y puesta en marcha de las Salas de Autogobierno Popular y Comunal, se erigen como un puente hacia una conexi\u00f3n directa con el Poder Popular.<\/p>\n\n\n\n<p>Estas salas est\u00e1n organizadas en equipos de trabajo y abordar\u00e1n cada una de las 7 Transformaciones del Plan de la Patria 2025-2031, garantizando que las voces y necesidades de las comunidades sean escuchadas y atendidas.<\/p>\n\n\n\n<p>En este contexto, la Consulta Popular Nacional se nutre y conecta con el Plan de la Patria a trav\u00e9s de Agendas Concretas de Acci\u00f3n, que priorizan proyectos en cada dimensi\u00f3n de trabajo.<\/p>\n\n\n\n<p>Este enfoque busca fortalecer la participaci\u00f3n activa del pueblo en la toma de decisiones, asegurando que las iniciativas respondan a las realidades y aspiraciones de los ciudadanos.<\/p>\n\n\n\n<p>Al finalizar el recorrido, el presidente Maduro se unir\u00e1 al Poder Popular en una Asamblea Comunera celebrada en la cancha deportiva de la Comuna, donde los ciudadanos expresaron su entusiasmo y compromiso con el proceso revolucionario.<\/p>\n\n\n\n<p>Este encuentro resalta la importancia del trabajo conjunto entre el gobierno y las comunidades, para avanzar hacia un futuro m\u00e1s justo y equitativo para todos los venezolanos.<\/p>\n\n\n\n<p><strong>Prensa Presidencial \/ Eduardo Hueck<\/strong><\/p>\n","protected":false},"excerpt":{"rendered":"<p>La Dolorita, Petare, estado Miranda.- El presidente de la Rep\u00fablica Bolivariana de Venezuela, Nicol\u00e1s Maduro, supervisa los avances en la ruta de la consolidaci\u00f3n del Sistema de Gobierno Popular y Comunal. Desde la Comuna Soberana del Poder Popular, en La Dolorita, el Jefe de Estado recorri\u00f3 los espacios de esta comunidad, donde se encuentran un [&hellip;]<\/p>\n","protected":false},"author":1,"featured_media":18577,"comment_status":"open","ping_status":"open","sticky":false,"template":"","format":"standard","meta":{"footnotes":""},"categories":[18,7],"tags":[1569,506],"class_list":["post-18576","post","type-post","status-publish","format-standard","has-post-thumbnail","hentry","category-noticias-principales","category-notas-de-prensa","tag-gobierno-comunal","tag-sistema"],"_links":{"self":[{"href":"https:\/\/prensapresidencialvenezuela.gob.ve\/index.php\/wp-json\/wp\/v2\/posts\/18576","targetHints":{"allow":["GET"]}}],"collection":[{"href":"https:\/\/prensapresidencialvenezuela.gob.ve\/index.php\/wp-json\/wp\/v2\/posts"}],"about":[{"href":"https:\/\/prensapresidencialvenezuela.gob.ve\/index.php\/wp-json\/wp\/v2\/types\/post"}],"author":[{"embeddable":true,"href":"https:\/\/prensapresidencialvenezuela.gob.ve\/index.php\/wp-json\/wp\/v2\/users\/1"}],"replies":[{"embeddable":true,"href":"https:\/\/prensapresidencialvenezuela.gob.ve\/index.php\/wp-json\/wp\/v2\/comments?post=18576"}],"version-history":[{"count":1,"href":"https:\/\/prensapresidencialvenezuela.gob.ve\/index.php\/wp-json\/wp\/v2\/posts\/18576\/revisions"}],"predecessor-version":[{"id":18578,"href":"https:\/\/prensapresidencialvenezuela.gob.ve\/index.php\/wp-json\/wp\/v2\/posts\/18576\/revisions\/18578"}],"wp:featuredmedia":[{"embeddable":true,"href":"https:\/\/prensapresidencialvenezuela.gob.ve\/index.php\/wp-json\/wp\/v2\/media\/18577"}],"wp:attachment":[{"href":"https:\/\/prensapresidencialvenezuela.gob.ve\/index.php\/wp-json\/wp\/v2\/media?parent=18576"}],"wp:term":[{"taxonomy":"category","embeddable":true,"href":"https:\/\/prensapresidencialvenezuela.gob.ve\/index.php\/wp-json\/wp\/v2\/categories?post=18576"},{"taxonomy":"post_tag","embeddable":true,"href":"https:\/\/prensapresidencialvenezuela.gob.ve\/index.php\/wp-json\/wp\/v2\/tags?post=18576"}],"curies":[{"name":"wp","href":"https:\/\/api.w.org\/{rel}","templated":true}]}}