{"id":18686,"date":"2025-03-29T21:26:53","date_gmt":"2025-03-30T01:26:53","guid":{"rendered":"https:\/\/prensapresidencialvenezuela.gob.ve\/?p=18686"},"modified":"2025-03-29T22:14:28","modified_gmt":"2025-03-30T02:14:28","slug":"venezuela-agradece-solidaridad-de-america-latina-y-del-caribe-ante-el-secuestro-de-sus-migrantes","status":"publish","type":"post","link":"https:\/\/prensapresidencialvenezuela.gob.ve\/index.php\/2025\/03\/29\/venezuela-agradece-solidaridad-de-america-latina-y-del-caribe-ante-el-secuestro-de-sus-migrantes\/","title":{"rendered":"Venezuela agradece solidaridad de Am\u00e9rica Latina y del Caribe ante el secuestro de sus migrantes"},"content":{"rendered":"\n<p><strong>Caracas. &#8211;<\/strong>El presidente de la Rep\u00fablica Bolivariana de Venezuela, Nicol\u00e1s Maduro, expres\u00f3 su agradecimiento por la solidaridad manifestada por diversas voces en Am\u00e9rica Latina y el Caribe respecto, a lo que catalog\u00f3 como \u201cbochorno\u00bb, al referirse al secuestro y desaparici\u00f3n forzosa de 324 migrantes venezolanos en El Salvador.<\/p>\n\n\n\n<p>\u00abLe agradezco la solidaridad compartida de m\u00faltiples voces en Am\u00e9rica Latina y el Caribe con el bochorno que se ha cometido\u00bb, expres\u00f3 durante la Reuni\u00f3n XXV del Consejo Pol\u00edtico del ALBA-TCP, en donde destac\u00f3 la importancia de unir esfuerzos para enfrentar esta crisis.<\/p>\n\n\n\n<p><em><strong>Conversaciones con la ONU<\/strong><\/em><\/p>\n\n\n\n<p>El Presidente inform\u00f3 que ha mantenido conversaciones con altos funcionarios de la Organizaci\u00f3n de las Naciones Unidas, incluyendo al Secretario General, Ant\u00f3nio Guterres, y al Alto Comisionado para los Derechos Humanos, Volker T\u00fcrk.<\/p>\n\n\n\n<p>\u00abA los dos les solicit\u00e9 diligencias como altas autoridades del sistema de Naciones Unidas para que el Gobierno de El Salvador corresponda judicialmente y entregue la lista de los venezolanos migrantes secuestrados\u00bb, agreg\u00f3, al recordarle al mundo que hoy se cumplen quince d\u00edas desde la desaparici\u00f3n forzosa de estos venezolanos y venezolanas.<\/p>\n\n\n\n<p>Asimismo, el jefe de Estado enfatiz\u00f3 que estos migrantes \u00abno cometieron ning\u00fan delito\u00bb y que \u00abla inmensa mayor\u00eda de los que se sabe que est\u00e1n secuestrados\u00bb no han sido procesados por ning\u00fan crimen en Estados Unidos.<\/p>\n\n\n\n<p>A pesar de la falta de comunicaci\u00f3n oficial sobre su situaci\u00f3n, destac\u00f3 que muchos de los j\u00f3venes migrantes eran \u00abbarberos, m\u00fasicos, artistas, comunicadores sociales, futbolistas, trabajadores en general\u00bb.<\/p>\n\n\n\n<p>El presidente Maduro tambi\u00e9n acus\u00f3 a las organizaciones mafiosas de trata de personas, dirigidas por extremistas de la oposici\u00f3n venezolana como Juan Guaid\u00f3, Mar\u00eda Corina Machado, Julio Borges&nbsp; y Leopoldo L\u00f3pez, de haber promovido la migraci\u00f3n como un \u00abarma pol\u00edtica\u00bb.<\/p>\n\n\n\n<p>\u00abTodo esto que estoy diciendo tiene pruebas en los Estados Unidos; el FBI y la CIA tienen las pruebas de lo que estoy diciendo\u00bb, se\u00f1al\u00f3.<\/p>\n\n\n\n<p><strong>La agresi\u00f3n econ\u00f3mica se vence con la conciencia y uni\u00f3n del pueblo\u00a0<\/strong><\/p>\n\n\n\n<p>En un contexto m\u00e1s amplio, el Dignatario venezolano hizo referencia a la historia reciente y a las agresiones econ\u00f3micas que enfrentan pa\u00edses como Cuba, Nicaragua y Venezuela.<\/p>\n\n\n\n<p>\u00abNosotros encaramos la agresi\u00f3n econ\u00f3mica, la enfrentamos con un plan, con creatividad\u00bb, afirm\u00f3, al subrayar que \u00abla mayor fortaleza para enfrentar cualquier agresi\u00f3n, incluyendo la econ\u00f3mica, es la conciencia y la uni\u00f3n y la voluntad de todo un pueblo\u00bb.<\/p>\n\n\n\n<p>El Jefe de Estado en su discurso reafirm\u00f3 el compromiso de Venezuela y a los pueblos de la alianza con su propio camino y modelo: \u00abA nosotros no nos van a colonizar, que nosotros vamos a continuar nuestro propio camino\u00bb.<\/p>\n\n\n\n<p><strong>Prensa Presidencial \/ Eduardo Hueck<\/strong><\/p>\n","protected":false},"excerpt":{"rendered":"<p>Caracas. &#8211;El presidente de la Rep\u00fablica Bolivariana de Venezuela, Nicol\u00e1s Maduro, expres\u00f3 su agradecimiento por la solidaridad manifestada por diversas voces en Am\u00e9rica Latina y el Caribe respecto, a lo que catalog\u00f3 como \u201cbochorno\u00bb, al referirse al secuestro y desaparici\u00f3n forzosa de 324 migrantes venezolanos en El Salvador. \u00abLe agradezco la solidaridad compartida de m\u00faltiples [&hellip;]<\/p>\n","protected":false},"author":11,"featured_media":18694,"comment_status":"open","ping_status":"open","sticky":false,"template":"","format":"standard","meta":{"footnotes":""},"categories":[18,7],"tags":[30,19,27,20],"class_list":["post-18686","post","type-post","status-publish","format-standard","has-post-thumbnail","hentry","category-noticias-principales","category-notas-de-prensa","tag-destacado","tag-nicolas-maduro","tag-revolucion-bolivariana","tag-venezuela"],"_links":{"self":[{"href":"https:\/\/prensapresidencialvenezuela.gob.ve\/index.php\/wp-json\/wp\/v2\/posts\/18686","targetHints":{"allow":["GET"]}}],"collection":[{"href":"https:\/\/prensapresidencialvenezuela.gob.ve\/index.php\/wp-json\/wp\/v2\/posts"}],"about":[{"href":"https:\/\/prensapresidencialvenezuela.gob.ve\/index.php\/wp-json\/wp\/v2\/types\/post"}],"author":[{"embeddable":true,"href":"https:\/\/prensapresidencialvenezuela.gob.ve\/index.php\/wp-json\/wp\/v2\/users\/11"}],"replies":[{"embeddable":true,"href":"https:\/\/prensapresidencialvenezuela.gob.ve\/index.php\/wp-json\/wp\/v2\/comments?post=18686"}],"version-history":[{"count":1,"href":"https:\/\/prensapresidencialvenezuela.gob.ve\/index.php\/wp-json\/wp\/v2\/posts\/18686\/revisions"}],"predecessor-version":[{"id":18689,"href":"https:\/\/prensapresidencialvenezuela.gob.ve\/index.php\/wp-json\/wp\/v2\/posts\/18686\/revisions\/18689"}],"wp:featuredmedia":[{"embeddable":true,"href":"https:\/\/prensapresidencialvenezuela.gob.ve\/index.php\/wp-json\/wp\/v2\/media\/18694"}],"wp:attachment":[{"href":"https:\/\/prensapresidencialvenezuela.gob.ve\/index.php\/wp-json\/wp\/v2\/media?parent=18686"}],"wp:term":[{"taxonomy":"category","embeddable":true,"href":"https:\/\/prensapresidencialvenezuela.gob.ve\/index.php\/wp-json\/wp\/v2\/categories?post=18686"},{"taxonomy":"post_tag","embeddable":true,"href":"https:\/\/prensapresidencialvenezuela.gob.ve\/index.php\/wp-json\/wp\/v2\/tags?post=18686"}],"curies":[{"name":"wp","href":"https:\/\/api.w.org\/{rel}","templated":true}]}}