{"id":18731,"date":"2025-03-31T17:08:18","date_gmt":"2025-03-31T21:08:18","guid":{"rendered":"https:\/\/prensapresidencialvenezuela.gob.ve\/?p=18731"},"modified":"2025-03-31T17:08:19","modified_gmt":"2025-03-31T21:08:19","slug":"presidente-maduro-a-candidatos-y-candidatas-el-pueblo-senala-el-camino","status":"publish","type":"post","link":"https:\/\/prensapresidencialvenezuela.gob.ve\/index.php\/2025\/03\/31\/presidente-maduro-a-candidatos-y-candidatas-el-pueblo-senala-el-camino\/","title":{"rendered":"Presidente Maduro a candidatos y candidatas: El pueblo se\u00f1ala el camino"},"content":{"rendered":"\n<p><strong>Filas de Mariche, estado Miranda. &#8211;<\/strong>En un acto de postulaci\u00f3n de candidatos y candidatas a las gobernaciones del pa\u00eds, el presidente Nicol\u00e1s Maduro enfatiz\u00f3 la importancia, a cada hombre y mujer que asumen el liderazgo, de estar al lado del pueblo y de escuchar sus necesidades.<\/p>\n\n\n\n<p>\u00abHay que ir al pueblo (\u2026) ellos nos se\u00f1alan el camino\u00bb, destac\u00f3 durante su discurso, destacando la relevancia de la participaci\u00f3n ciudadana en el proceso pol\u00edtico.<\/p>\n\n\n\n<p>El presidente Maduro subray\u00f3 que el objetivo principal es \u00abdar la batalla por ganar el Poder pol\u00edtico con los votos del pueblo para proteger a ese pueblo, para o\u00edr a ese pueblo, para obedecer a ese pueblo\u00bb.<\/p>\n\n\n\n<p>En este sentido, expres\u00f3 su confianza en los candidatos postulados por el Gran Polo Patri\u00f3tico Sim\u00f3n Bol\u00edvar (GPPSB) y los Movimientos Sociales, quienes tienen un \u00abcompromiso gigantesco y compromiso \u00e9tico\u00bb de trabajar junto a la ciudadan\u00eda.<\/p>\n\n\n\n<p><strong>\u201cEstamos formando j\u00f3venes para hacer la Revoluci\u00f3n\u201d<\/strong><\/p>\n\n\n\n<p>Asimismo, el Jefe de Estado hizo hincapi\u00e9 en la importancia de la educaci\u00f3n y la formaci\u00f3n de la juventud, al referirse a la locaci\u00f3n-Escuela Internacional de Liderazgo de la Juventud Antonio Jos\u00e9 de Sucre- donde se realiz\u00f3 la reuni\u00f3n con los candidatos y candidatas del GPPSB.<\/p>\n\n\n\n<p>\u201cEstamos formando j\u00f3venes para hacer la Revoluci\u00f3n \u00e9tica, moral, espiritual, cultural, econ\u00f3mica, pol\u00edtica (\u2026) estamos formando a lo m\u00e1s hermoso que puede tener nuestra Patria: su juventud\u00bb, resalt\u00f3 e indic\u00f3 que el objetivo es \u00abdarle formaci\u00f3n, educaci\u00f3n, cultura, para darle amor, para protegerlos, para levantarlos en su conciencia y se\u00f1alarles el camino de tener Patria \u00ab, con el fin de que la juventud pueda \u00abconocer y reivindicar nuestra historia, defender los derechos de nuestra Patria, la paz, a la independencia, la soberan\u00eda\u201d.<\/p>\n\n\n\n<p>El presidente Maduro record\u00f3 que la Revoluci\u00f3n Bolivariana, impulsada por el comandante Hugo Ch\u00e1vez, contin\u00faa viva y es responsabilidad de la juventud \u00abdar continuidad hoy mismo, ma\u00f1ana y siempre\u00bb a este legado.<\/p>\n\n\n\n<p>Asimismo, destac\u00f3 que \u00abBol\u00edvar para nosotros no es una cita vac\u00eda\u00bb, sino un s\u00edmbolo de compromiso y resistencia, \u00abes bregar, trabajar, crear, inventar, resolver, solucionar\u00bb, enfatiz\u00f3.<\/p>\n\n\n\n<p>En este sentido, reafirm\u00f3 al pueblo, a los candidatas y candidatos que \u00abnosotros somos la encarnaci\u00f3n m\u00e1s fiel y leal de lo mejor de la historia de Venezuela y de Am\u00e9rica Latina y el Caribe\u00bb, llevando sobre sus hombros una \u00abbandera permanente\u00bb de lucha por la independencia y la soberan\u00eda.<\/p>\n\n\n\n<p><strong>Prensa Presidencial \/ Eduardo Hueck<\/strong><\/p>\n","protected":false},"excerpt":{"rendered":"<p>Filas de Mariche, estado Miranda. &#8211;En un acto de postulaci\u00f3n de candidatos y candidatas a las gobernaciones del pa\u00eds, el presidente Nicol\u00e1s Maduro enfatiz\u00f3 la importancia, a cada hombre y mujer que asumen el liderazgo, de estar al lado del pueblo y de escuchar sus necesidades. \u00abHay que ir al pueblo (\u2026) ellos nos se\u00f1alan [&hellip;]<\/p>\n","protected":false},"author":1,"featured_media":18733,"comment_status":"open","ping_status":"open","sticky":false,"template":"","format":"standard","meta":{"footnotes":""},"categories":[18,7],"tags":[1282,663],"class_list":["post-18731","post","type-post","status-publish","format-standard","has-post-thumbnail","hentry","category-noticias-principales","category-notas-de-prensa","tag-camino","tag-presidente"],"_links":{"self":[{"href":"https:\/\/prensapresidencialvenezuela.gob.ve\/index.php\/wp-json\/wp\/v2\/posts\/18731","targetHints":{"allow":["GET"]}}],"collection":[{"href":"https:\/\/prensapresidencialvenezuela.gob.ve\/index.php\/wp-json\/wp\/v2\/posts"}],"about":[{"href":"https:\/\/prensapresidencialvenezuela.gob.ve\/index.php\/wp-json\/wp\/v2\/types\/post"}],"author":[{"embeddable":true,"href":"https:\/\/prensapresidencialvenezuela.gob.ve\/index.php\/wp-json\/wp\/v2\/users\/1"}],"replies":[{"embeddable":true,"href":"https:\/\/prensapresidencialvenezuela.gob.ve\/index.php\/wp-json\/wp\/v2\/comments?post=18731"}],"version-history":[{"count":1,"href":"https:\/\/prensapresidencialvenezuela.gob.ve\/index.php\/wp-json\/wp\/v2\/posts\/18731\/revisions"}],"predecessor-version":[{"id":18734,"href":"https:\/\/prensapresidencialvenezuela.gob.ve\/index.php\/wp-json\/wp\/v2\/posts\/18731\/revisions\/18734"}],"wp:featuredmedia":[{"embeddable":true,"href":"https:\/\/prensapresidencialvenezuela.gob.ve\/index.php\/wp-json\/wp\/v2\/media\/18733"}],"wp:attachment":[{"href":"https:\/\/prensapresidencialvenezuela.gob.ve\/index.php\/wp-json\/wp\/v2\/media?parent=18731"}],"wp:term":[{"taxonomy":"category","embeddable":true,"href":"https:\/\/prensapresidencialvenezuela.gob.ve\/index.php\/wp-json\/wp\/v2\/categories?post=18731"},{"taxonomy":"post_tag","embeddable":true,"href":"https:\/\/prensapresidencialvenezuela.gob.ve\/index.php\/wp-json\/wp\/v2\/tags?post=18731"}],"curies":[{"name":"wp","href":"https:\/\/api.w.org\/{rel}","templated":true}]}}