{"id":18735,"date":"2025-03-31T17:44:47","date_gmt":"2025-03-31T21:44:47","guid":{"rendered":"https:\/\/prensapresidencialvenezuela.gob.ve\/?p=18735"},"modified":"2025-03-31T17:44:48","modified_gmt":"2025-03-31T21:44:48","slug":"liderazgos-tienen-la-tarea-crucial-de-acercarse-a-la-voz-del-pueblo","status":"publish","type":"post","link":"https:\/\/prensapresidencialvenezuela.gob.ve\/index.php\/2025\/03\/31\/liderazgos-tienen-la-tarea-crucial-de-acercarse-a-la-voz-del-pueblo\/","title":{"rendered":"Liderazgos tienen la tarea crucial de acercarse a la voz del pueblo"},"content":{"rendered":"\n<p><strong>Filas de Mariche, estado Miranda.- <\/strong>En un reciente encuentro con candidatos y candidatas del Gran Polo Patri\u00f3tico Sim\u00f3n Bol\u00edvar (GPPSB), realizado en la Escuela Internacional de Liderazgo de la Juventud Antonio Jos\u00e9 de Sucre, el presidente Nicol\u00e1s Maduro enfatiz\u00f3 sobre el rol protag\u00f3nico del pueblo y el liderazgo de la Revoluci\u00f3n Bolivariana.<\/p>\n\n\n\n<p>Al destacar la importancia de los encuentros para las reflexiones, orientaciones y lineamientos de acci\u00f3n, resalt\u00f3 que se debe acatar las orientaciones y advirti\u00f3 que no se debe convertir la pol\u00edtica en <em>show<\/em>.<\/p>\n\n\n\n<p>\u00abLa pol\u00edtica cuando se transforma en <em>show<\/em>, cuando se transforma s\u00f3lo en ruedas de prensa, cuando se transforma s\u00f3lo en luces, c\u00e1mara y acci\u00f3n, es la negaci\u00f3n de la Revoluci\u00f3n. La pol\u00edtica cuando se transforma en ejercicio a\u00e9reo del poder, es la negaci\u00f3n de la democracia verdadera, directa\u00bb, detall\u00f3.<\/p>\n\n\n\n<p>El Mandatario destac\u00f3 que la pol\u00edtica pierde su \u00abcalidad transformadora\u00bb cuando se aleja de la voz del pueblo.<\/p>\n\n\n\n<p>\u00abCuando se suman una cadena de eventos en el ejercicio del poder, que alejan la palabra, la acci\u00f3n, las decisiones del pueblo verdadero, sencillamente es el fin de la pol\u00edtica revolucionaria, transformadora\u00bb, se\u00f1al\u00f3.<\/p>\n\n\n\n<p><strong>En el pueblo est\u00e1 la vida de la Rep\u00fablica<\/strong><\/p>\n\n\n\n<p>El Jefe de Estado, tras saludar a los l\u00edderes y lideresas de base, as\u00ed como a los consejos comunales y circuitos comunales, resalt\u00f3, a los candidatos y candidatas, lo fundamental que es el poder del pueblo organizado para la existencia de la Rep\u00fablica.<\/p>\n\n\n\n<p>\u00abAh\u00ed est\u00e1 la vida de la existencia misma de esta Rep\u00fablica, frente a las apetencias colonialistas del Imperio norteamericano; ah\u00ed est\u00e1 la vida y la permanencia del proyecto original de Bol\u00edvar, de los libertadores y las libertadoras\u00bb, expres\u00f3, al resaltar el legado del comandante Hugo Ch\u00e1vez y su impacto en las comunidades.<\/p>\n\n\n\n<p>El presidente Maduro tambi\u00e9n hizo hincapi\u00e9 en que el poder verdadero, organizado en el pueblo, es el resultado de un esfuerzo conjunto y consciente.<\/p>\n\n\n\n<p>\u00abHemos venido construyendo a pulso con mucha conciencia\u00bb, sostuvo, al se\u00f1alar que todo ha sido producto de una estrategia clara y la construcci\u00f3n de un movimiento poderoso.<\/p>\n\n\n\n<p><br>El Dignatario agradeci\u00f3 a las gobernadoras y gobernadores que no fueron ratificados en sus cargos.<\/p>\n\n\n\n<p>\u00abQuiero agradecerles por su valent\u00eda, su lealtad, su trabajo\u00bb, destac\u00f3 y reconoci\u00f3 el esfuerzo diario que han dedicado a la lucha por el bienestar del pueblo venezolano.<\/p>\n\n\n\n<p><strong>Prensa Presidencial \/ Eduardo Hueck<\/strong><\/p>\n","protected":false},"excerpt":{"rendered":"<p>Filas de Mariche, estado Miranda.- En un reciente encuentro con candidatos y candidatas del Gran Polo Patri\u00f3tico Sim\u00f3n Bol\u00edvar (GPPSB), realizado en la Escuela Internacional de Liderazgo de la Juventud Antonio Jos\u00e9 de Sucre, el presidente Nicol\u00e1s Maduro enfatiz\u00f3 sobre el rol protag\u00f3nico del pueblo y el liderazgo de la Revoluci\u00f3n Bolivariana. Al destacar la [&hellip;]<\/p>\n","protected":false},"author":1,"featured_media":18732,"comment_status":"open","ping_status":"open","sticky":false,"template":"","format":"standard","meta":{"footnotes":""},"categories":[18,7],"tags":[856,451,917,717],"class_list":["post-18735","post","type-post","status-publish","format-standard","has-post-thumbnail","hentry","category-noticias-principales","category-notas-de-prensa","tag-liderazgos","tag-pueblo","tag-tareas","tag-voz"],"_links":{"self":[{"href":"https:\/\/prensapresidencialvenezuela.gob.ve\/index.php\/wp-json\/wp\/v2\/posts\/18735","targetHints":{"allow":["GET"]}}],"collection":[{"href":"https:\/\/prensapresidencialvenezuela.gob.ve\/index.php\/wp-json\/wp\/v2\/posts"}],"about":[{"href":"https:\/\/prensapresidencialvenezuela.gob.ve\/index.php\/wp-json\/wp\/v2\/types\/post"}],"author":[{"embeddable":true,"href":"https:\/\/prensapresidencialvenezuela.gob.ve\/index.php\/wp-json\/wp\/v2\/users\/1"}],"replies":[{"embeddable":true,"href":"https:\/\/prensapresidencialvenezuela.gob.ve\/index.php\/wp-json\/wp\/v2\/comments?post=18735"}],"version-history":[{"count":1,"href":"https:\/\/prensapresidencialvenezuela.gob.ve\/index.php\/wp-json\/wp\/v2\/posts\/18735\/revisions"}],"predecessor-version":[{"id":18736,"href":"https:\/\/prensapresidencialvenezuela.gob.ve\/index.php\/wp-json\/wp\/v2\/posts\/18735\/revisions\/18736"}],"wp:featuredmedia":[{"embeddable":true,"href":"https:\/\/prensapresidencialvenezuela.gob.ve\/index.php\/wp-json\/wp\/v2\/media\/18732"}],"wp:attachment":[{"href":"https:\/\/prensapresidencialvenezuela.gob.ve\/index.php\/wp-json\/wp\/v2\/media?parent=18735"}],"wp:term":[{"taxonomy":"category","embeddable":true,"href":"https:\/\/prensapresidencialvenezuela.gob.ve\/index.php\/wp-json\/wp\/v2\/categories?post=18735"},{"taxonomy":"post_tag","embeddable":true,"href":"https:\/\/prensapresidencialvenezuela.gob.ve\/index.php\/wp-json\/wp\/v2\/tags?post=18735"}],"curies":[{"name":"wp","href":"https:\/\/api.w.org\/{rel}","templated":true}]}}