{"id":18737,"date":"2025-03-31T18:09:32","date_gmt":"2025-03-31T22:09:32","guid":{"rendered":"https:\/\/prensapresidencialvenezuela.gob.ve\/?p=18737"},"modified":"2025-03-31T18:17:27","modified_gmt":"2025-03-31T22:17:27","slug":"candidatos-y-candidatas-se-insertan-hoy-mismo-a-un-proceso-de-transformacion-a-favor-de-la-mujer-y-el-hombre-de-a-pie","status":"publish","type":"post","link":"https:\/\/prensapresidencialvenezuela.gob.ve\/index.php\/2025\/03\/31\/candidatos-y-candidatas-se-insertan-hoy-mismo-a-un-proceso-de-transformacion-a-favor-de-la-mujer-y-el-hombre-de-a-pie\/","title":{"rendered":"Candidatos y candidatas se insertan hoy mismo a un proceso de transformaci\u00f3n a favor de la mujer y el hombre de a pie"},"content":{"rendered":"\n<p><strong>Filas de Mariche, estado Miranda.- <\/strong>Al se\u00f1alar que el pueblo venezolano est\u00e1 destinado a la victoria, el presidente de la Rep\u00fablica Bolivariana de Venezuela, Nicol\u00e1s Maduro, subray\u00f3 que el ser postulados y postuladas para las elecciones del 25 de mayo, significa que, desde ya, tienen la gran tarea de articularse con el Poder Popular de base.<\/p>\n\n\n\n<p>Se\u00f1al\u00f3 que ello pasa por ir a buscar al pueblo para planificar esta gran etapa grandiosa 2026-2030.<\/p>\n\n\n\n<p>\u201c(\u2026) Y que sean cuatro a\u00f1os de una poderosa ofensiva de consolidaci\u00f3n del Poder de base, la democracia directa, de transformar las gobernaciones. \u00a1Ahora si tenemos que transformarlas!, no hay escusas para no hacerlo\u201d, enfatiz\u00f3 el Mandatario nacional en la reuni\u00f3n con candidatos y candidatas del Gran Polo Patri\u00f3tico \u201cSim\u00f3n Bol\u00edvar\u201d.<\/p>\n\n\n\n<p>En este sentido, ratific\u00f3, una vez conocidas las candidaturas, que se deben tomar las estructuras de gobierno regional y \u201cvoltearlas como una media, y ponerlas al servicio del hombre y mujer de a pie, de los humildes, de las necesidades, del que tiene dolor y del que gime\u201d.<\/p>\n\n\n\n<p><strong>El proceso de transformaci\u00f3n arranca hoy mismo<\/strong><\/p>\n\n\n\n<p>A los candidatos y candidatas que llegan dijo que el proceso de transformaci\u00f3n arranca hoy mismo, al manifestar agradecimiento a quienes han ejercido liderazgos regionales, mientras que a los que llegan, dijo: \u00a1a ponerse las pilas!, porque \u201carranca el proceso hoy mismo y es&nbsp; un proceso de transformaci\u00f3n\u201d.<\/p>\n\n\n\n<p>En un repaso por la historia vivida, concerniente a las distintas elecciones en la que \u00e9l ha participado, en su trayectoria pol\u00edtica, se\u00f1al\u00f3 que hoy existe una experiencia gigantesca, la cual hay que balancear para que la Revoluci\u00f3n en su conjunto tenga memoria hist\u00f3rica, balance hist\u00f3rico, saque lecciones,, aprenda de los errores cometidos y rectifique los errores que se han dado en todas las etapas.<\/p>\n\n\n\n<p>\u201cEscuchemos la cr\u00edtica del pueblo y hagamos avanzar en la nueva etapa que se abre en el pa\u00eds, las grandes tareas de construcci\u00f3n del futuro\u201d, puntualiz\u00f3 el jefe de Estado venezolano.<\/p>\n\n\n\n<p>En esta l\u00ednea y a manera de reflexi\u00f3n, record\u00f3 los a\u00f1os 1997- 1998, en la que un 19 de abril de 1997, en la Asamblea de Delegados del MRB200, en Valencia, se acord\u00f3 tomar el camino de las elecciones, el camino pac\u00edfico.<\/p>\n\n\n\n<p>Para entonces \u2013 dijo &#8211; la tesis fundamental era la construcci\u00f3n de fuerzas para impulsar una gran insurrecci\u00f3n popular militar que diera inicio a una gran revoluci\u00f3n.<\/p>\n\n\n\n<p>Sin embargo, evoc\u00f3 que en el a\u00f1o 97, el Comandante Hugo Ch\u00e1vez dijo: \u201cvamos a replantearnos la estrategia, ya basta de armas y vamos a buscar una ventana de oportunidad, para hacer una Revoluci\u00f3n pac\u00edfica por la v\u00eda electoral\u201d<\/p>\n\n\n\n<p>El presidente Maduro rememor\u00f3 que toda la oligarqu\u00eda, con su poder medi\u00e1tico \u2013pol\u00edtico \u2013 econ\u00f3mico, trat\u00f3 de impedir que aquella fuerza volc\u00e1nica pudiera tomar su cauce.<\/p>\n\n\n\n<p>No obstante \u2013 subray\u00f3 que &#8211; pudo m\u00e1s el genio estrat\u00e9gico, pol\u00edtico, hist\u00f3rico y humano del comandante Ch\u00e1vez, para lograr presentar una alternativa al pa\u00eds.<\/p>\n\n\n\n<p><strong>Prensa Presidencial \/ Ana\u00eds P\u00e9rez<\/strong><\/p>\n","protected":false},"excerpt":{"rendered":"<p>Filas de Mariche, estado Miranda.- Al se\u00f1alar que el pueblo venezolano est\u00e1 destinado a la victoria, el presidente de la Rep\u00fablica Bolivariana de Venezuela, Nicol\u00e1s Maduro, subray\u00f3 que el ser postulados y postuladas para las elecciones del 25 de mayo, significa que, desde ya, tienen la gran tarea de articularse con el Poder Popular de [&hellip;]<\/p>\n","protected":false},"author":1,"featured_media":18738,"comment_status":"open","ping_status":"open","sticky":false,"template":"","format":"standard","meta":{"footnotes":""},"categories":[18,7],"tags":[1590,1592,657,451],"class_list":["post-18737","post","type-post","status-publish","format-standard","has-post-thumbnail","hentry","category-noticias-principales","category-notas-de-prensa","tag-candidatos","tag-hombre","tag-mujer","tag-pueblo"],"_links":{"self":[{"href":"https:\/\/prensapresidencialvenezuela.gob.ve\/index.php\/wp-json\/wp\/v2\/posts\/18737","targetHints":{"allow":["GET"]}}],"collection":[{"href":"https:\/\/prensapresidencialvenezuela.gob.ve\/index.php\/wp-json\/wp\/v2\/posts"}],"about":[{"href":"https:\/\/prensapresidencialvenezuela.gob.ve\/index.php\/wp-json\/wp\/v2\/types\/post"}],"author":[{"embeddable":true,"href":"https:\/\/prensapresidencialvenezuela.gob.ve\/index.php\/wp-json\/wp\/v2\/users\/1"}],"replies":[{"embeddable":true,"href":"https:\/\/prensapresidencialvenezuela.gob.ve\/index.php\/wp-json\/wp\/v2\/comments?post=18737"}],"version-history":[{"count":2,"href":"https:\/\/prensapresidencialvenezuela.gob.ve\/index.php\/wp-json\/wp\/v2\/posts\/18737\/revisions"}],"predecessor-version":[{"id":18740,"href":"https:\/\/prensapresidencialvenezuela.gob.ve\/index.php\/wp-json\/wp\/v2\/posts\/18737\/revisions\/18740"}],"wp:featuredmedia":[{"embeddable":true,"href":"https:\/\/prensapresidencialvenezuela.gob.ve\/index.php\/wp-json\/wp\/v2\/media\/18738"}],"wp:attachment":[{"href":"https:\/\/prensapresidencialvenezuela.gob.ve\/index.php\/wp-json\/wp\/v2\/media?parent=18737"}],"wp:term":[{"taxonomy":"category","embeddable":true,"href":"https:\/\/prensapresidencialvenezuela.gob.ve\/index.php\/wp-json\/wp\/v2\/categories?post=18737"},{"taxonomy":"post_tag","embeddable":true,"href":"https:\/\/prensapresidencialvenezuela.gob.ve\/index.php\/wp-json\/wp\/v2\/tags?post=18737"}],"curies":[{"name":"wp","href":"https:\/\/api.w.org\/{rel}","templated":true}]}}