{"id":18748,"date":"2025-03-31T19:16:32","date_gmt":"2025-03-31T23:16:32","guid":{"rendered":"https:\/\/prensapresidencialvenezuela.gob.ve\/?p=18748"},"modified":"2025-03-31T19:16:32","modified_gmt":"2025-03-31T23:16:32","slug":"compromiso-genuino-con-el-pueblo-debe-prevalecer-en-la-agenda-de-candidatos-y-candidatas-a-las-gobernaciones","status":"publish","type":"post","link":"https:\/\/prensapresidencialvenezuela.gob.ve\/index.php\/2025\/03\/31\/compromiso-genuino-con-el-pueblo-debe-prevalecer-en-la-agenda-de-candidatos-y-candidatas-a-las-gobernaciones\/","title":{"rendered":"Compromiso genuino con el pueblo debe prevalecer en la agenda de candidatos y candidatas a las gobernaciones"},"content":{"rendered":"\n<p><strong>Filas de Mariche, estado Miranda.-<\/strong> En un acto reciente, el presidente de la Rep\u00fablica Bolivariana de Venezuela, Nicol\u00e1s Maduro, exhort\u00f3 a los candidatos y candidatas, postulados para las gobernaciones, a un compromiso genuino con el pueblo y la Revoluci\u00f3n Bolivariana.<\/p>\n\n\n\n<p>\u00abHoy estamos postulando candidatos y candidatas para la Revoluci\u00f3n, no estamos postulando reyezuelos, ni caudillos, que vayan a entronizarse en los palacios de gobierno\u00bb, subray\u00f3<\/p>\n\n\n\n<p>El Jefe de Estado reiter\u00f3 al liderazgo bolivariano, la importancia de \u00abcaminar con la gente\u00bb, al tiempo que destac\u00f3 el arduo trabajo que se avecina.<\/p>\n\n\n\n<p>El Mandatario ofreci\u00f3 un plazo de veinticuatro horas a los postulados para que reflexionen sobre su compromiso.<\/p>\n\n\n\n<p>\u00abSi ustedes, candidatos y candidatas, quieren le damos veinticuatro horas para que lo piensen\u00bb, inst\u00f3, al tiempo que orient\u00f3 sobre la importancia de presentar un documento formal, que incluya un plan de gobierno as\u00ed como los compromisos firmados junto al pueblo.<\/p>\n\n\n\n<p>\u00ab(\u2026) los compromisos, uno por uno, firmados junto al pueblo y que lo firmen todos los circuitos comunales del estado, junto al candidato o la candidata, un documento de compromiso verdadero, real\u00bb, instruy\u00f3.<\/p>\n\n\n\n<p><strong>\u00abLa estructura del Estado que tenemos est\u00e1 en la mitad de la transici\u00f3n\u00bb<\/strong><\/p>\n\n\n\n<p>Durante su intervenci\u00f3n, tambi\u00e9n abord\u00f3 el contexto pol\u00edtico actual, al indicar que \u00abestamos en el debate del proyecto de la reforma constitucional\u00bb.<\/p>\n\n\n\n<p>En este sentido, mencion\u00f3 que muchos de los presentes participan activamente en este proceso que busca la estructuraci\u00f3n del Estado venezolano.<\/p>\n\n\n\n<p>\u00abEl Poder Ejecutivo est\u00e1 organizado en la Presidencia de la Rep\u00fablica, a nivel estatal en las gobernaciones, a nivel municipal en las alcald\u00edas\u00bb, explic\u00f3, haciendo hincapi\u00e9 en que las estructuras del Estado se encuentran \u00aben la mitad de la transici\u00f3n, y yo le agregar\u00eda algo m\u00e1s: en la mitad de la transici\u00f3n tard\u00eda\u00bb.<\/p>\n\n\n\n<p>El Presidente tambi\u00e9n se\u00f1al\u00f3 a aquellos que \u00abtienen la excusa: \u201cno, que el bloqueo, que la medida, que las sanciones\u201d\u00bb, para no ir a trabajar con el pueblo. Y explic\u00f3 que el peor bloqueo es de quienes no quieren caminar junto al pueblo ni aportar ideas.<\/p>\n\n\n\n<p>\u00ab(&#8230;) el peor bloqueo, la peor sanci\u00f3n, no es la de Trump. La peor sanci\u00f3n, el peor bloqueo, es el bloqueo mental de los que no quieren parir ideas para hacer revoluci\u00f3n, de los que no quieren caminar con la gente de a pie, de lo que no quieren transformar las cosas porque quieren ser caudillos, reyezuelos en sus estados\u00bb.<\/p>\n\n\n\n<p>Con un mensaje claro y directo, reiter\u00f3 e inst\u00f3 a los candidatos a enfocarse en las verdaderas necesidades del pueblo.<\/p>\n\n\n\n<p><strong>Prensa Presidencial \/ Eduardo Hueck<\/strong><\/p>\n","protected":false},"excerpt":{"rendered":"<p>Filas de Mariche, estado Miranda.- En un acto reciente, el presidente de la Rep\u00fablica Bolivariana de Venezuela, Nicol\u00e1s Maduro, exhort\u00f3 a los candidatos y candidatas, postulados para las gobernaciones, a un compromiso genuino con el pueblo y la Revoluci\u00f3n Bolivariana. \u00abHoy estamos postulando candidatos y candidatas para la Revoluci\u00f3n, no estamos postulando reyezuelos, ni caudillos, [&hellip;]<\/p>\n","protected":false},"author":1,"featured_media":18750,"comment_status":"open","ping_status":"open","sticky":false,"template":"","format":"standard","meta":{"footnotes":""},"categories":[18,7],"tags":[1594,788,1593,451],"class_list":["post-18748","post","type-post","status-publish","format-standard","has-post-thumbnail","hentry","category-noticias-principales","category-notas-de-prensa","tag-candidaturas","tag-compromiso","tag-genuino","tag-pueblo"],"_links":{"self":[{"href":"https:\/\/prensapresidencialvenezuela.gob.ve\/index.php\/wp-json\/wp\/v2\/posts\/18748","targetHints":{"allow":["GET"]}}],"collection":[{"href":"https:\/\/prensapresidencialvenezuela.gob.ve\/index.php\/wp-json\/wp\/v2\/posts"}],"about":[{"href":"https:\/\/prensapresidencialvenezuela.gob.ve\/index.php\/wp-json\/wp\/v2\/types\/post"}],"author":[{"embeddable":true,"href":"https:\/\/prensapresidencialvenezuela.gob.ve\/index.php\/wp-json\/wp\/v2\/users\/1"}],"replies":[{"embeddable":true,"href":"https:\/\/prensapresidencialvenezuela.gob.ve\/index.php\/wp-json\/wp\/v2\/comments?post=18748"}],"version-history":[{"count":1,"href":"https:\/\/prensapresidencialvenezuela.gob.ve\/index.php\/wp-json\/wp\/v2\/posts\/18748\/revisions"}],"predecessor-version":[{"id":18751,"href":"https:\/\/prensapresidencialvenezuela.gob.ve\/index.php\/wp-json\/wp\/v2\/posts\/18748\/revisions\/18751"}],"wp:featuredmedia":[{"embeddable":true,"href":"https:\/\/prensapresidencialvenezuela.gob.ve\/index.php\/wp-json\/wp\/v2\/media\/18750"}],"wp:attachment":[{"href":"https:\/\/prensapresidencialvenezuela.gob.ve\/index.php\/wp-json\/wp\/v2\/media?parent=18748"}],"wp:term":[{"taxonomy":"category","embeddable":true,"href":"https:\/\/prensapresidencialvenezuela.gob.ve\/index.php\/wp-json\/wp\/v2\/categories?post=18748"},{"taxonomy":"post_tag","embeddable":true,"href":"https:\/\/prensapresidencialvenezuela.gob.ve\/index.php\/wp-json\/wp\/v2\/tags?post=18748"}],"curies":[{"name":"wp","href":"https:\/\/api.w.org\/{rel}","templated":true}]}}