{"id":18752,"date":"2025-03-31T19:54:09","date_gmt":"2025-03-31T23:54:09","guid":{"rendered":"https:\/\/prensapresidencialvenezuela.gob.ve\/?p=18752"},"modified":"2025-03-31T19:54:44","modified_gmt":"2025-03-31T23:54:44","slug":"alrededor-de-300-migrantes-volveran-a-sus-hogares-a-traves-de-plan-vuelta-a-la-patria","status":"publish","type":"post","link":"https:\/\/prensapresidencialvenezuela.gob.ve\/index.php\/2025\/03\/31\/alrededor-de-300-migrantes-volveran-a-sus-hogares-a-traves-de-plan-vuelta-a-la-patria\/","title":{"rendered":"Alrededor de 300 migrantes retornar\u00e1n a sus hogares a trav\u00e9s de Plan Vuelta a la Patria"},"content":{"rendered":"\n<p><strong>Filas de Mariche, estado Miranda.- <\/strong>El presidente de la Rep\u00fablica Bolivariana de Venezuela, Nicol\u00e1s Maduro Moros, inform\u00f3 que a trav\u00e9s la Gran Misi\u00f3n \u00abPlan Vuelta a la Patria\u00bb, en los pr\u00f3ximos d\u00edas llegar\u00e1n migrantes venezolanos provenientes de M\u00e9xico, que lograron ser rescatados de una persecuci\u00f3n ejercida&nbsp; por el gobierno de los Estados Unidos (EEUU).<\/p>\n\n\n\n<p>El jefe de Estado explic\u00f3 que un estimado de 300 migrantes ser\u00e1n resguardados por medio de este programa social. De estos trescientos, en su mayor\u00eda, son mujeres y ni\u00f1os.<\/p>\n\n\n\n<p>El objetivo del Gobierno Bolivariano es liberar a todos los migrantes secuestrados en Estados Unidos.<\/p>\n\n\n\n<p>El presidente Maduro hizo \u00e9nfasis en que estos venezolanos patriotas lograron cruzar la frontera hacia M\u00e9xico, para de esta manera&nbsp; \u00ablograr salvarse de la persecuci\u00f3n por parte del gobierno estadounidense.<\/p>\n\n\n\n<p>En esa l\u00ednea, acot\u00f3 que el pasado fin de semana arribaron al pa\u00eds 175 venezolanos, a quienes se les ha dado un trato \u00fanico en el mundo, porque&nbsp; \u00absabemos lo que est\u00e1n sufriendo, y hay &nbsp;testimonios de que han pasado un a\u00f1o presos, sin juicio, sin derecho a la defensa\u00bb.<\/p>\n\n\n\n<p>Por otra parte, el denunci\u00f3 que el gobierno de los Estados Unidos se ocupa de trasladar a un grupo de venezolanos sin juicio a El Salvador, pa\u00eds que su presidente NayibBukele, \u00abha convertido en una colonia de los Estados Unidos, en un segundo Guant\u00e1namo para secuestrar y practicar la desaparici\u00f3n forzada de venezolanos migrantes\u00bb.&nbsp;<\/p>\n\n\n\n<p>Por este motivo, el Mandatario Nacional exhort\u00f3 a los encargados de la Gran Misi\u00f3n \u00abPlan Vuelta a la Patria\u00bb a llevar este programa estado por estado, para que de manera meticulosa todos los migrantes sean atendidos e integrados a sus familias y a la comunidad.<\/p>\n\n\n\n<p><strong>Prensa Presidencial\/Irmary D\u00edaz&nbsp;<\/strong><\/p>\n","protected":false},"excerpt":{"rendered":"<p>Filas de Mariche, estado Miranda.- El presidente de la Rep\u00fablica Bolivariana de Venezuela, Nicol\u00e1s Maduro Moros, inform\u00f3 que a trav\u00e9s la Gran Misi\u00f3n \u00abPlan Vuelta a la Patria\u00bb, en los pr\u00f3ximos d\u00edas llegar\u00e1n migrantes venezolanos provenientes de M\u00e9xico, que lograron ser rescatados de una persecuci\u00f3n ejercida&nbsp; por el gobierno de los Estados Unidos (EEUU). El [&hellip;]<\/p>\n","protected":false},"author":1,"featured_media":18753,"comment_status":"open","ping_status":"open","sticky":false,"template":"","format":"standard","meta":{"footnotes":""},"categories":[18,7],"tags":[525,553,1542],"class_list":["post-18752","post","type-post","status-publish","format-standard","has-post-thumbnail","hentry","category-noticias-principales","category-notas-de-prensa","tag-migrantes","tag-patria","tag-retorno"],"_links":{"self":[{"href":"https:\/\/prensapresidencialvenezuela.gob.ve\/index.php\/wp-json\/wp\/v2\/posts\/18752","targetHints":{"allow":["GET"]}}],"collection":[{"href":"https:\/\/prensapresidencialvenezuela.gob.ve\/index.php\/wp-json\/wp\/v2\/posts"}],"about":[{"href":"https:\/\/prensapresidencialvenezuela.gob.ve\/index.php\/wp-json\/wp\/v2\/types\/post"}],"author":[{"embeddable":true,"href":"https:\/\/prensapresidencialvenezuela.gob.ve\/index.php\/wp-json\/wp\/v2\/users\/1"}],"replies":[{"embeddable":true,"href":"https:\/\/prensapresidencialvenezuela.gob.ve\/index.php\/wp-json\/wp\/v2\/comments?post=18752"}],"version-history":[{"count":2,"href":"https:\/\/prensapresidencialvenezuela.gob.ve\/index.php\/wp-json\/wp\/v2\/posts\/18752\/revisions"}],"predecessor-version":[{"id":18755,"href":"https:\/\/prensapresidencialvenezuela.gob.ve\/index.php\/wp-json\/wp\/v2\/posts\/18752\/revisions\/18755"}],"wp:featuredmedia":[{"embeddable":true,"href":"https:\/\/prensapresidencialvenezuela.gob.ve\/index.php\/wp-json\/wp\/v2\/media\/18753"}],"wp:attachment":[{"href":"https:\/\/prensapresidencialvenezuela.gob.ve\/index.php\/wp-json\/wp\/v2\/media?parent=18752"}],"wp:term":[{"taxonomy":"category","embeddable":true,"href":"https:\/\/prensapresidencialvenezuela.gob.ve\/index.php\/wp-json\/wp\/v2\/categories?post=18752"},{"taxonomy":"post_tag","embeddable":true,"href":"https:\/\/prensapresidencialvenezuela.gob.ve\/index.php\/wp-json\/wp\/v2\/tags?post=18752"}],"curies":[{"name":"wp","href":"https:\/\/api.w.org\/{rel}","templated":true}]}}