{"id":18756,"date":"2025-03-31T20:05:14","date_gmt":"2025-04-01T00:05:14","guid":{"rendered":"https:\/\/prensapresidencialvenezuela.gob.ve\/?p=18756"},"modified":"2025-03-31T20:05:14","modified_gmt":"2025-04-01T00:05:14","slug":"salas-de-autogobierno-popular-estan-instaladas-en-un-72","status":"publish","type":"post","link":"https:\/\/prensapresidencialvenezuela.gob.ve\/index.php\/2025\/03\/31\/salas-de-autogobierno-popular-estan-instaladas-en-un-72\/","title":{"rendered":"Salas de Autogobierno Popular est\u00e1n instaladas en un 72 %"},"content":{"rendered":"\n<p><strong>Filas de Mariche, estado Miranda.-<\/strong> El presidente de la Rep\u00fablica Bolivariana de Venezuela, Nicol\u00e1s Maduro Moros, inform\u00f3 sobre los avances en la implementaci\u00f3n de las Salas de Autogobierno Popular, a escala nacional.<\/p>\n\n\n\n<p>\u00ab(\u2026) la semana pasada \u00edbamos por el 67% por ciento, hoy lunes estamos en 72% por ciento de las Salas de Autogobierno Popular, una belleza estamos casi al 60% de los equipos de trabajo\u00bb, destac\u00f3 al subrayar el compromiso del Gobierno con la participaci\u00f3n ciudadana.<\/p>\n\n\n\n<p>La creaci\u00f3n de las salas tiene como objetivo fortalecer la autogesti\u00f3n en las comunidades y contribuir al monitoreo de cada uno de los proyectos comunitarios que deben ser ejecutados en todo el territorio nacional.<\/p>\n\n\n\n<p>La misma est\u00e1 concebida como un mecanismo para fortalecer la participaci\u00f3n ciudadana y fomentar la autogesti\u00f3n en las comunidades, contribuyendo as\u00ed a la construcci\u00f3n de un modelo de gobernanza m\u00e1s inclusivo y efectivo.<\/p>\n\n\n\n<p><strong>Prensa Presidencial \/Eduardo Hueck<\/strong><\/p>\n\n\n\n<p><\/p>\n","protected":false},"excerpt":{"rendered":"<p>Filas de Mariche, estado Miranda.- El presidente de la Rep\u00fablica Bolivariana de Venezuela, Nicol\u00e1s Maduro Moros, inform\u00f3 sobre los avances en la implementaci\u00f3n de las Salas de Autogobierno Popular, a escala nacional. \u00ab(\u2026) la semana pasada \u00edbamos por el 67% por ciento, hoy lunes estamos en 72% por ciento de las Salas de Autogobierno Popular, [&hellip;]<\/p>\n","protected":false},"author":1,"featured_media":18757,"comment_status":"open","ping_status":"open","sticky":false,"template":"","format":"standard","meta":{"footnotes":""},"categories":[18,7],"tags":[1596,1595,1308],"class_list":["post-18756","post","type-post","status-publish","format-standard","has-post-thumbnail","hentry","category-noticias-principales","category-notas-de-prensa","tag-1596","tag-autogobiermo","tag-salas"],"_links":{"self":[{"href":"https:\/\/prensapresidencialvenezuela.gob.ve\/index.php\/wp-json\/wp\/v2\/posts\/18756","targetHints":{"allow":["GET"]}}],"collection":[{"href":"https:\/\/prensapresidencialvenezuela.gob.ve\/index.php\/wp-json\/wp\/v2\/posts"}],"about":[{"href":"https:\/\/prensapresidencialvenezuela.gob.ve\/index.php\/wp-json\/wp\/v2\/types\/post"}],"author":[{"embeddable":true,"href":"https:\/\/prensapresidencialvenezuela.gob.ve\/index.php\/wp-json\/wp\/v2\/users\/1"}],"replies":[{"embeddable":true,"href":"https:\/\/prensapresidencialvenezuela.gob.ve\/index.php\/wp-json\/wp\/v2\/comments?post=18756"}],"version-history":[{"count":1,"href":"https:\/\/prensapresidencialvenezuela.gob.ve\/index.php\/wp-json\/wp\/v2\/posts\/18756\/revisions"}],"predecessor-version":[{"id":18758,"href":"https:\/\/prensapresidencialvenezuela.gob.ve\/index.php\/wp-json\/wp\/v2\/posts\/18756\/revisions\/18758"}],"wp:featuredmedia":[{"embeddable":true,"href":"https:\/\/prensapresidencialvenezuela.gob.ve\/index.php\/wp-json\/wp\/v2\/media\/18757"}],"wp:attachment":[{"href":"https:\/\/prensapresidencialvenezuela.gob.ve\/index.php\/wp-json\/wp\/v2\/media?parent=18756"}],"wp:term":[{"taxonomy":"category","embeddable":true,"href":"https:\/\/prensapresidencialvenezuela.gob.ve\/index.php\/wp-json\/wp\/v2\/categories?post=18756"},{"taxonomy":"post_tag","embeddable":true,"href":"https:\/\/prensapresidencialvenezuela.gob.ve\/index.php\/wp-json\/wp\/v2\/tags?post=18756"}],"curies":[{"name":"wp","href":"https:\/\/api.w.org\/{rel}","templated":true}]}}