{"id":1884,"date":"2022-05-10T15:50:00","date_gmt":"2022-05-10T15:50:00","guid":{"rendered":"http:\/\/172.27.0.121\/?p=1884"},"modified":"2022-06-30T15:52:15","modified_gmt":"2022-06-30T15:52:15","slug":"cuba-y-venezuela-iniciaran-refundacion-profunda-del-mapa-de-cooperacion","status":"publish","type":"post","link":"https:\/\/prensapresidencialvenezuela.gob.ve\/index.php\/2022\/05\/10\/cuba-y-venezuela-iniciaran-refundacion-profunda-del-mapa-de-cooperacion\/","title":{"rendered":"Cuba y Venezuela iniciar\u00e1n refundaci\u00f3n profunda del mapa de cooperaci\u00f3n"},"content":{"rendered":"\n<p><strong>Palacio de Miraflores, Caracas.- <\/strong>El mapa de cooperaci\u00f3n entre Cuba y Venezuela iniciar\u00e1 un proceso de refundaci\u00f3n profunda que permita \u201cmejorar, profundizar y ampliar el apoyo mutuo\u201d, anunci\u00f3 el presidente de la Rep\u00fablica, Nicol\u00e1s Maduro.<\/p>\n\n\n\n<p>Al t\u00e9rmino de un encuentro de trabajo con el primer ministro de Cuba, Manuel Marrero Cruz, detall\u00f3 que la renovaci\u00f3n \u201ccreativa, creador y profunda\u201d parte de la necesidad de que las alianzas estrat\u00e9gicas \u201cvayan adaptadas a los nuevos tiempos, a la nueva \u00e9poca\u201d que supone el periodo 2022-2030.<\/p>\n\n\n\n<p>Desde el Palacio de Miraflores, ubicado en Caracas, puntualiz\u00f3 que la nueva orientaci\u00f3n de la cooperaci\u00f3n impactar\u00e1 positivamente en la vida econ\u00f3mica, social y cultural de ambos pueblos.<\/p>\n\n\n\n<p>\u201c(\u2026) Visualizando una nueva prosperidad para Cuba, Venezuela, Am\u00e9rica Latina y el Caribe, as\u00ed como nuevos tiempos de mejor\u00eda, recuperaci\u00f3n, construcci\u00f3n de nuestra tierra. Siempre unidos en la resistencia permanente, en un renacimiento profundo de los ideales y de nuestras revoluciones\u201d, enfatiz\u00f3.<\/p>\n\n\n\n<p>Al destacar que el modelo de cooperaci\u00f3n entre Cuba y Venezuela \u201ces un ejemplo de lo que pueden hacer dos pa\u00edses hermanos\u201d, el jefe de Estado subray\u00f3 que las alianzas bilaterales \u201cnos han permitido enfrentar todas las coyunturas\u201d, raz\u00f3n por la cual es imprescindible fortalecer la agenda bilateral de acuerdo a los desaf\u00edos de los nuevos tiempos.<\/p>\n\n\n\n<p>En relaci\u00f3n al di\u00e1logo sostenido con la delegaci\u00f3n de la Rep\u00fablica de Cuba, liderada por el Primer Ministro, Manuel Marrero Cruz, se\u00f1al\u00f3 que se revisaron asuntos de inter\u00e9s en materia de salud, energ\u00eda, econom\u00eda, educaci\u00f3n y cultura.<\/p>\n\n\n\n<p>\u201cHemos revisado no solo la agenda bilateral, sino tambi\u00e9n la agenda latinoamericana, caribe\u00f1a y regional. Hemos visto el mundo actual en una reuni\u00f3n buena, intensa (\u2026) Quedo complacido, contento y motivado por esta jornada de trabajo maravillosa\u201d, agreg\u00f3.<\/p>\n\n\n\n<p><strong>Solidaridad ante explosi\u00f3n del Hotel Saratoga<\/strong><\/p>\n\n\n\n<p>En nombre del pueblo de Venezuela, el Dignatario reiter\u00f3 su solidaridad a familiares de las v\u00edctimas de la explosi\u00f3n en el Hotel Saratoga, ocurrida el 6 de mayo y que, hasta el momento, suma 42 personas fallecidas y 96 lesionadas.<\/p>\n\n\n\n<p>Indic\u00f3 que \u201cel pueblo de Cuba ha sabido enfrentar siempre con su conciencia elevada estas circunstancias que, desde el principio, intentaron manipular en redes sociales\u201d.<\/p>\n\n\n\n<p>En este sentido, apunt\u00f3 que las maniobras de manipulaci\u00f3n fueron \u201cderrotadas, aplastadas por la claridad del pueblo de Cuba\u201d.<\/p>\n\n\n\n<p><strong>Prensa Presidencial\/Karelis Gonz\u00e1lez<\/strong><\/p>\n","protected":false},"excerpt":{"rendered":"<p>Palacio de Miraflores, Caracas.- El mapa de cooperaci\u00f3n entre Cuba y Venezuela iniciar\u00e1 un proceso de refundaci\u00f3n profunda que permita \u201cmejorar, profundizar y ampliar el apoyo mutuo\u201d, anunci\u00f3 el presidente de la Rep\u00fablica, Nicol\u00e1s Maduro. Al t\u00e9rmino de un encuentro de trabajo con el primer ministro de Cuba, Manuel Marrero Cruz, detall\u00f3 que la renovaci\u00f3n [&hellip;]<\/p>\n","protected":false},"author":6,"featured_media":1885,"comment_status":"open","ping_status":"open","sticky":false,"template":"","format":"standard","meta":{"footnotes":""},"categories":[7],"tags":[],"class_list":["post-1884","post","type-post","status-publish","format-standard","has-post-thumbnail","hentry","category-notas-de-prensa"],"_links":{"self":[{"href":"https:\/\/prensapresidencialvenezuela.gob.ve\/index.php\/wp-json\/wp\/v2\/posts\/1884","targetHints":{"allow":["GET"]}}],"collection":[{"href":"https:\/\/prensapresidencialvenezuela.gob.ve\/index.php\/wp-json\/wp\/v2\/posts"}],"about":[{"href":"https:\/\/prensapresidencialvenezuela.gob.ve\/index.php\/wp-json\/wp\/v2\/types\/post"}],"author":[{"embeddable":true,"href":"https:\/\/prensapresidencialvenezuela.gob.ve\/index.php\/wp-json\/wp\/v2\/users\/6"}],"replies":[{"embeddable":true,"href":"https:\/\/prensapresidencialvenezuela.gob.ve\/index.php\/wp-json\/wp\/v2\/comments?post=1884"}],"version-history":[{"count":1,"href":"https:\/\/prensapresidencialvenezuela.gob.ve\/index.php\/wp-json\/wp\/v2\/posts\/1884\/revisions"}],"predecessor-version":[{"id":1886,"href":"https:\/\/prensapresidencialvenezuela.gob.ve\/index.php\/wp-json\/wp\/v2\/posts\/1884\/revisions\/1886"}],"wp:featuredmedia":[{"embeddable":true,"href":"https:\/\/prensapresidencialvenezuela.gob.ve\/index.php\/wp-json\/wp\/v2\/media\/1885"}],"wp:attachment":[{"href":"https:\/\/prensapresidencialvenezuela.gob.ve\/index.php\/wp-json\/wp\/v2\/media?parent=1884"}],"wp:term":[{"taxonomy":"category","embeddable":true,"href":"https:\/\/prensapresidencialvenezuela.gob.ve\/index.php\/wp-json\/wp\/v2\/categories?post=1884"},{"taxonomy":"post_tag","embeddable":true,"href":"https:\/\/prensapresidencialvenezuela.gob.ve\/index.php\/wp-json\/wp\/v2\/tags?post=1884"}],"curies":[{"name":"wp","href":"https:\/\/api.w.org\/{rel}","templated":true}]}}