{"id":1887,"date":"2022-05-10T15:52:00","date_gmt":"2022-05-10T15:52:00","guid":{"rendered":"http:\/\/172.27.0.121\/?p=1887"},"modified":"2022-06-30T15:53:42","modified_gmt":"2022-06-30T15:53:42","slug":"primer-ministro-de-cuba-defender-a-venezuela-es-defender-la-unidad-latinoamericana","status":"publish","type":"post","link":"https:\/\/prensapresidencialvenezuela.gob.ve\/index.php\/2022\/05\/10\/primer-ministro-de-cuba-defender-a-venezuela-es-defender-la-unidad-latinoamericana\/","title":{"rendered":"Primer Ministro de Cuba: Defender a Venezuela es defender la unidad latinoamericana"},"content":{"rendered":"\n<p><strong>Palacio de Miraflores. Caracas.-<\/strong>. Tras la reuni\u00f3n efectuada en el Palacio de Miraflores, culmin\u00f3 la visita oficial a nuestro pa\u00eds del Primer Ministro de la Rep\u00fablica de Cuba, excelent\u00edsimo se\u00f1or Manuel Marrero Cruz, quien expres\u00f3 el mensaje del Presidente de la Mayor de las Antillas&nbsp; Miguel D\u00edaz-Canel, de fortalecer las relaciones bilaterales en el mapa de cooperaci\u00f3n entre ambas naciones que ya consolidan dos d\u00e9cadas de fruct\u00edfera gesti\u00f3n a favor de ambos pueblos.<\/p>\n\n\n\n<p>En ese contexto, el presidente de la Rep\u00fablica, Nicol\u00e1s Maduro, despidi\u00f3 al alto funcionario quien destac\u00f3 la solidaridad que ha reinado en la diplomacia de respeto&nbsp; desarrollada desde el a\u00f1o 2000, entre ambas naciones y recalc\u00f3 que se potenciar\u00e1&nbsp; el convenio Cuba-Venezuela, al tiempo que se reitera la defensa de la voluntad constitucional. Indic\u00f3 que con un concepto muy claro, \u201cnosotros en cualquier circunstancia vamos a continuar cooperando con Venezuela y no ofreciendo lo que no sobre, sino compartiendo lo que tenemos\u201d.<\/p>\n\n\n\n<p>En referencia a la autodeterminaci\u00f3n de los pueblos insisti\u00f3 en que \u201cvamos a continuar defendiendo a Venezuela, defendiendo y apoyando al presidente Maduro, presidente constitucional que en conjunto con esa uni\u00f3n c\u00edvico-militar est\u00e1 al frente de este proyecto revolucionario\u201d.<\/p>\n\n\n\n<p>En la lucha antiimperialista tambi\u00e9n se\u00f1al\u00f3 que se mantienen los principios de independencia, soberan\u00eda y de rechazo a cualquier tutelaje.<\/p>\n\n\n\n<p>\u201cEn esta situaci\u00f3n dif\u00edcil de bloqueo donde el enemigo se empe\u00f1a en destruirnos, es ver c\u00f3mo salimos adelante. Hemos escogido el camino recto que pudiera estar lleno de piedras y de espinas, pero es el camino y vamos rompiendo esos obst\u00e1culos seguros de la victoria, y porqu\u00e9 vamos a defender a Venezuela, porque defender a Venezuela, es defender a Cuba y es defender la unidad latinoamericana\u201d, sostuvo el excelent\u00edsimo se\u00f1or Marrero Cruz, al finalizar esta primera visita oficial al pa\u00eds en su cargo como Primer Ministro de Cuba.<\/p>\n\n\n\n<p>Igualmente, Marrero Cruz, resalt\u00f3 las fortalezas del Convenio Integral de Cooperaci\u00f3n Cuba-Venezuela, que lleva el referente ideol\u00f3gico de los Comandantes Fidel Castro y Hugo Ch\u00e1vez, y ahora refrendado por los presidentes Nicol\u00e1s Maduro y Miguel D\u00edaz-Canel, el cual calific\u00f3 de hist\u00f3rico por su car\u00e1cter humanista.<\/p>\n\n\n\n<p>Detall\u00f3 al respecto: \u201ces hist\u00f3rico no hay antecedente en ninguna parte del mundo dos pa\u00edses hermanos, sin ning\u00fan inter\u00e9s comercial, solo la hermandad, la fraternidad, el deseo de ayudar, el deseo de ver c\u00f3mo podemos fusionarnos en funci\u00f3n de dar m\u00e1s para nuestros pueblos. (\u2026)<\/p>\n\n\n\n<p>Con respecto a la situaci\u00f3n mundial indic\u00f3 el Primer Ministro que \u201clos tiempos&nbsp; han cambiado y hay un mutuo acuerdo en qu\u00e9 es el momento de revisar y de ver c\u00f3mo lo ajustamos a estos tiempos, pero no para debilitar ese convenio, es para perfeccionarlo, fortalecerlo y ver c\u00f3mo identificamos incluso nuevas nichos de colaboraci\u00f3n y cooperaci\u00f3n\u201d, se\u00f1al\u00f3, al tiempo que refiri\u00f3 el impacto positivo que se ha desarrollado a favor de la vida y la salud a trav\u00e9s de la Misi\u00f3n Barrio Adentro.<\/p>\n\n\n\n<p><strong>Cuba y Venezuela, dos pueblos hermanos<\/strong><\/p>\n\n\n\n<p>El Primer Ministro de la Rep\u00fablica de Cuba, excelent\u00edsimo se\u00f1or Manuel Marrero Cruz, repas\u00f3 la agenda de esta visita oficial destacando el sentimiento hist\u00f3rico que une a Venezuela con la isla caribe\u00f1a, desde los tiempos de El Libertador Sim\u00f3n Bol\u00edvar y del Ap\u00f3stol de la libertad Jos\u00e9 Mart\u00ed.<\/p>\n\n\n\n<p>En ese orden, expres\u00f3 su emoci\u00f3n al rendirle tributo al Padre de la Patria Sim\u00f3n Bol\u00edvar, en su visita al Mausoleo de El Libertador, y al mismo tiempo el sentimiento revolucionario al encontrarse con la historia reciente en el Cuartel&nbsp; de la Monta\u00f1a 4F, para recordar y brindar homenaje al legado del Comandante Eterno Hugo Ch\u00e1vez.<\/p>\n\n\n\n<p>Otra de las actividades estuvo relacionada con la reuni\u00f3n sostenida con la Vicepresidente Ejecutiva de la Rep\u00fablica Delcy Rodr\u00edguez, para tratar temas econ\u00f3micos y de integraci\u00f3n frente a la coyuntura global y de bloqueo imperialista que sufren Cuba y Venezuela.<\/p>\n\n\n\n<p>\u201cSomos dos pa\u00edses bloqueados, dos pa\u00edses que debemos enfrentar las consecuencias crueles de ese bloqueo, pero tambi\u00e9n las consecuencias de esta crisis internacional. (\u2026) Ha sido muy interesante ese intercambio que nos permite cargar m\u00e1s experiencias y ver cu\u00e1ntas cosas pudi\u00e9ramos hacer en conjunto y de mejoramiento de nuestras econom\u00edas y en el mejoramiento de la calidad de vida de la poblaci\u00f3n\u201d, finaliz\u00f3 Marrero Cruz, quien puso el acento junto en fortalecer los lazos de amistad entre ambos pa\u00edses para su pleno desarrollo.<\/p>\n\n\n\n<p><strong>Prensa Presidencial\/Yndira L\u00f3pez<\/strong><\/p>\n","protected":false},"excerpt":{"rendered":"<p>Palacio de Miraflores. Caracas.-. Tras la reuni\u00f3n efectuada en el Palacio de Miraflores, culmin\u00f3 la visita oficial a nuestro pa\u00eds del Primer Ministro de la Rep\u00fablica de Cuba, excelent\u00edsimo se\u00f1or Manuel Marrero Cruz, quien expres\u00f3 el mensaje del Presidente de la Mayor de las Antillas&nbsp; Miguel D\u00edaz-Canel, de fortalecer las relaciones bilaterales en el mapa [&hellip;]<\/p>\n","protected":false},"author":6,"featured_media":1888,"comment_status":"open","ping_status":"open","sticky":false,"template":"","format":"standard","meta":{"footnotes":""},"categories":[7],"tags":[],"class_list":["post-1887","post","type-post","status-publish","format-standard","has-post-thumbnail","hentry","category-notas-de-prensa"],"_links":{"self":[{"href":"https:\/\/prensapresidencialvenezuela.gob.ve\/index.php\/wp-json\/wp\/v2\/posts\/1887","targetHints":{"allow":["GET"]}}],"collection":[{"href":"https:\/\/prensapresidencialvenezuela.gob.ve\/index.php\/wp-json\/wp\/v2\/posts"}],"about":[{"href":"https:\/\/prensapresidencialvenezuela.gob.ve\/index.php\/wp-json\/wp\/v2\/types\/post"}],"author":[{"embeddable":true,"href":"https:\/\/prensapresidencialvenezuela.gob.ve\/index.php\/wp-json\/wp\/v2\/users\/6"}],"replies":[{"embeddable":true,"href":"https:\/\/prensapresidencialvenezuela.gob.ve\/index.php\/wp-json\/wp\/v2\/comments?post=1887"}],"version-history":[{"count":1,"href":"https:\/\/prensapresidencialvenezuela.gob.ve\/index.php\/wp-json\/wp\/v2\/posts\/1887\/revisions"}],"predecessor-version":[{"id":1889,"href":"https:\/\/prensapresidencialvenezuela.gob.ve\/index.php\/wp-json\/wp\/v2\/posts\/1887\/revisions\/1889"}],"wp:featuredmedia":[{"embeddable":true,"href":"https:\/\/prensapresidencialvenezuela.gob.ve\/index.php\/wp-json\/wp\/v2\/media\/1888"}],"wp:attachment":[{"href":"https:\/\/prensapresidencialvenezuela.gob.ve\/index.php\/wp-json\/wp\/v2\/media?parent=1887"}],"wp:term":[{"taxonomy":"category","embeddable":true,"href":"https:\/\/prensapresidencialvenezuela.gob.ve\/index.php\/wp-json\/wp\/v2\/categories?post=1887"},{"taxonomy":"post_tag","embeddable":true,"href":"https:\/\/prensapresidencialvenezuela.gob.ve\/index.php\/wp-json\/wp\/v2\/tags?post=1887"}],"curies":[{"name":"wp","href":"https:\/\/api.w.org\/{rel}","templated":true}]}}