{"id":1890,"date":"2022-05-11T15:53:00","date_gmt":"2022-05-11T15:53:00","guid":{"rendered":"http:\/\/172.27.0.121\/?p=1890"},"modified":"2022-06-30T15:55:21","modified_gmt":"2022-06-30T15:55:21","slug":"aragua-produce-2-millones-de-metros-de-tela-mensual","status":"publish","type":"post","link":"https:\/\/prensapresidencialvenezuela.gob.ve\/index.php\/2022\/05\/11\/aragua-produce-2-millones-de-metros-de-tela-mensual\/","title":{"rendered":"Aragua produce 2 millones de metros de tela mensual"},"content":{"rendered":"\n<p><strong>Palacio de Miraflores, Caracas.-<\/strong> A trav\u00e9s de la empresa Jeantex S.A, el estado Aragua produce 2 millones de metros de tela mensual, detall\u00f3 la gobernadora de la entidad, Karina Carpio, en el contexto de la jornada de Mi\u00e9rcoles Productivo: Cap\u00edtulo Motor Exportaciones y Nuevas Fuentes de Divisas.<\/p>\n\n\n\n<p>\u201cEs producci\u00f3n con calidad de exportaci\u00f3n que se distribuye en toda Am\u00e9rica Latina\u201d, enfatiz\u00f3 Carpio.<\/p>\n\n\n\n<p>Este centro de trabajo productivo de tela \u00edndigo, se orienta a la confecci\u00f3n de blue jeans que forma parte de la Corporaci\u00f3n Grupo Telares Maracay. En esta empresa se recibe el algod\u00f3n crudo para limpiarlo y transformarlo en hilos y luego en telas crudas para su acabado.<\/p>\n\n\n\n<p>Jeantex S.A.&nbsp; cuenta con una capacidad productiva operativa de 21 millones de metros de tela cada a\u00f1o, mientras que su capacidad de exportaci\u00f3n es del 80% de su producci\u00f3n y la siembra de la materia prima fundamental se realiza en Acarigua y las cercan\u00edas del Orinoco que se complementan con la importaci\u00f3n debido a la alta demanda.<\/p>\n\n\n\n<p>En tanto, el presidente de Jeantex, Marco Zarikian, puntualiz\u00f3 que la empresa tambi\u00e9n se dedica a la fabricaci\u00f3n de insumos descartables m\u00e9dicos, entre ellos mascarillas que incluyen iones de plata y carb\u00f3n activado que garantiza la pureza del aire.<\/p>\n\n\n\n<p>\u201cHemos desarrollado tecnolog\u00edas de todo tipo y con eso hemos ido conquistando al mundo\u201d, agreg\u00f3.<\/p>\n\n\n\n<p>La generaci\u00f3n de empleo de Jeantex S.A est\u00e1 entre 200 trabajadores directos y cerca de 1.000 indirectos.<\/p>\n\n\n\n<p>Esta jornada se inserta en la apuesta del Gobierno Bolivariano de apoyar a las peque\u00f1as, medianas y grandes empresas, para lo cual ha orientado sus acciones en el campo productivo, al logro de una din\u00e1mica comercial en la que se priorice el encadenamiento productivo inserto en el trabajo que desarrolla el sector empresarial venezolano.<\/p>\n\n\n\n<p><strong>Prensa Presidencial\/Ana\u00eds P\u00e9rez<\/strong><\/p>\n","protected":false},"excerpt":{"rendered":"<p>Palacio de Miraflores, Caracas.- A trav\u00e9s de la empresa Jeantex S.A, el estado Aragua produce 2 millones de metros de tela mensual, detall\u00f3 la gobernadora de la entidad, Karina Carpio, en el contexto de la jornada de Mi\u00e9rcoles Productivo: Cap\u00edtulo Motor Exportaciones y Nuevas Fuentes de Divisas. \u201cEs producci\u00f3n con calidad de exportaci\u00f3n que se [&hellip;]<\/p>\n","protected":false},"author":6,"featured_media":1891,"comment_status":"open","ping_status":"open","sticky":false,"template":"","format":"standard","meta":{"footnotes":""},"categories":[7],"tags":[],"class_list":["post-1890","post","type-post","status-publish","format-standard","has-post-thumbnail","hentry","category-notas-de-prensa"],"_links":{"self":[{"href":"https:\/\/prensapresidencialvenezuela.gob.ve\/index.php\/wp-json\/wp\/v2\/posts\/1890","targetHints":{"allow":["GET"]}}],"collection":[{"href":"https:\/\/prensapresidencialvenezuela.gob.ve\/index.php\/wp-json\/wp\/v2\/posts"}],"about":[{"href":"https:\/\/prensapresidencialvenezuela.gob.ve\/index.php\/wp-json\/wp\/v2\/types\/post"}],"author":[{"embeddable":true,"href":"https:\/\/prensapresidencialvenezuela.gob.ve\/index.php\/wp-json\/wp\/v2\/users\/6"}],"replies":[{"embeddable":true,"href":"https:\/\/prensapresidencialvenezuela.gob.ve\/index.php\/wp-json\/wp\/v2\/comments?post=1890"}],"version-history":[{"count":1,"href":"https:\/\/prensapresidencialvenezuela.gob.ve\/index.php\/wp-json\/wp\/v2\/posts\/1890\/revisions"}],"predecessor-version":[{"id":1892,"href":"https:\/\/prensapresidencialvenezuela.gob.ve\/index.php\/wp-json\/wp\/v2\/posts\/1890\/revisions\/1892"}],"wp:featuredmedia":[{"embeddable":true,"href":"https:\/\/prensapresidencialvenezuela.gob.ve\/index.php\/wp-json\/wp\/v2\/media\/1891"}],"wp:attachment":[{"href":"https:\/\/prensapresidencialvenezuela.gob.ve\/index.php\/wp-json\/wp\/v2\/media?parent=1890"}],"wp:term":[{"taxonomy":"category","embeddable":true,"href":"https:\/\/prensapresidencialvenezuela.gob.ve\/index.php\/wp-json\/wp\/v2\/categories?post=1890"},{"taxonomy":"post_tag","embeddable":true,"href":"https:\/\/prensapresidencialvenezuela.gob.ve\/index.php\/wp-json\/wp\/v2\/tags?post=1890"}],"curies":[{"name":"wp","href":"https:\/\/api.w.org\/{rel}","templated":true}]}}