{"id":18943,"date":"2025-04-08T20:09:12","date_gmt":"2025-04-09T00:09:12","guid":{"rendered":"https:\/\/prensapresidencialvenezuela.gob.ve\/?p=18943"},"modified":"2025-04-08T20:27:05","modified_gmt":"2025-04-09T00:27:05","slug":"compromiso-para-la-expansion-de-la-conectividad-en-las-areas-mas-remotas-del-pais-reafirma-presidente-maduro","status":"publish","type":"post","link":"https:\/\/prensapresidencialvenezuela.gob.ve\/index.php\/2025\/04\/08\/compromiso-para-la-expansion-de-la-conectividad-en-las-areas-mas-remotas-del-pais-reafirma-presidente-maduro\/","title":{"rendered":"Compromiso para la expansi\u00f3n de la conectividad en las \u00e1reas m\u00e1s remotas del pa\u00eds, reafirma el presidente Maduro"},"content":{"rendered":"\n<p><strong>Poliedro de Caracas.-<\/strong> El presidente de la Rep\u00fablica Bolivariana de Venezuela, Nicol\u00e1s Maduro Moros, reafirm\u00f3 su compromiso con el sector de telecomunicaciones, al resaltar la importancia de impulsar nuevas inversiones para la expansi\u00f3n de la conectividad en todo el pa\u00eds.<\/p>\n\n\n\n<p>En ese sentido, agreg\u00f3 que entre los objetivos del Motor Telecomunicaciones y Nuevas Tecnolog\u00edas, est\u00e1 incluir la tecnolog\u00eda 5G y la interconexi\u00f3n de instituciones educativas, en las zonas m\u00e1s remotas del pa\u00eds.<\/p>\n\n\n\n<p>Esta informaci\u00f3n la suministr\u00f3 durante el lanzamiento del Motor Telecomunicaciones, donde se\u00f1al\u00f3 que nuevas empresas se suman en el apuntalamiento del sector, las nuevas tecnolog\u00edas, comercio digital y la rob\u00f3tica.<\/p>\n\n\n\n<p>Asimismo, acot\u00f3 que el Motor N\u00b0 13, del mapa de motores de crecimiento, desarrollo multidimensional y simult\u00e1neo, debe continuar en la construcci\u00f3n de nuevos m\u00e9todos tecnol\u00f3gicos, para seguir avanzando en esta materia.<\/p>\n\n\n\n<p>\u00abEste es un logro del esfuerzo nacional (\u2026), es un m\u00e9todo hecho en Venezuela.- es uno de los motores que ha crecido en cuanto a servicios, no solo en usuarios y usuarias, sino que creci\u00f3 cualitativamente\u00bb, subray\u00f3 el Mandatario Nacional, al referirse al progreso de este sector.&nbsp;<\/p>\n\n\n\n<p><strong>Prensa Presidencial\/Irmary D\u00edaz<\/strong><\/p>\n","protected":false},"excerpt":{"rendered":"<p>Poliedro de Caracas.- El presidente de la Rep\u00fablica Bolivariana de Venezuela, Nicol\u00e1s Maduro Moros, reafirm\u00f3 su compromiso con el sector de telecomunicaciones, al resaltar la importancia de impulsar nuevas inversiones para la expansi\u00f3n de la conectividad en todo el pa\u00eds. En ese sentido, agreg\u00f3 que entre los objetivos del Motor Telecomunicaciones y Nuevas Tecnolog\u00edas, est\u00e1 [&hellip;]<\/p>\n","protected":false},"author":1,"featured_media":18944,"comment_status":"open","ping_status":"open","sticky":false,"template":"","format":"standard","meta":{"footnotes":""},"categories":[18,7],"tags":[30,19,27],"class_list":["post-18943","post","type-post","status-publish","format-standard","has-post-thumbnail","hentry","category-noticias-principales","category-notas-de-prensa","tag-destacado","tag-nicolas-maduro","tag-revolucion-bolivariana"],"_links":{"self":[{"href":"https:\/\/prensapresidencialvenezuela.gob.ve\/index.php\/wp-json\/wp\/v2\/posts\/18943","targetHints":{"allow":["GET"]}}],"collection":[{"href":"https:\/\/prensapresidencialvenezuela.gob.ve\/index.php\/wp-json\/wp\/v2\/posts"}],"about":[{"href":"https:\/\/prensapresidencialvenezuela.gob.ve\/index.php\/wp-json\/wp\/v2\/types\/post"}],"author":[{"embeddable":true,"href":"https:\/\/prensapresidencialvenezuela.gob.ve\/index.php\/wp-json\/wp\/v2\/users\/1"}],"replies":[{"embeddable":true,"href":"https:\/\/prensapresidencialvenezuela.gob.ve\/index.php\/wp-json\/wp\/v2\/comments?post=18943"}],"version-history":[{"count":3,"href":"https:\/\/prensapresidencialvenezuela.gob.ve\/index.php\/wp-json\/wp\/v2\/posts\/18943\/revisions"}],"predecessor-version":[{"id":18950,"href":"https:\/\/prensapresidencialvenezuela.gob.ve\/index.php\/wp-json\/wp\/v2\/posts\/18943\/revisions\/18950"}],"wp:featuredmedia":[{"embeddable":true,"href":"https:\/\/prensapresidencialvenezuela.gob.ve\/index.php\/wp-json\/wp\/v2\/media\/18944"}],"wp:attachment":[{"href":"https:\/\/prensapresidencialvenezuela.gob.ve\/index.php\/wp-json\/wp\/v2\/media?parent=18943"}],"wp:term":[{"taxonomy":"category","embeddable":true,"href":"https:\/\/prensapresidencialvenezuela.gob.ve\/index.php\/wp-json\/wp\/v2\/categories?post=18943"},{"taxonomy":"post_tag","embeddable":true,"href":"https:\/\/prensapresidencialvenezuela.gob.ve\/index.php\/wp-json\/wp\/v2\/tags?post=18943"}],"curies":[{"name":"wp","href":"https:\/\/api.w.org\/{rel}","templated":true}]}}