{"id":18947,"date":"2025-04-08T20:19:41","date_gmt":"2025-04-09T00:19:41","guid":{"rendered":"https:\/\/prensapresidencialvenezuela.gob.ve\/?p=18947"},"modified":"2025-04-08T20:19:42","modified_gmt":"2025-04-09T00:19:42","slug":"18-mil-km-de-fibra-optica-beneficiara-a-la-comuna-socialista-ciudad-bendita-gran-poder-de-dios-en-el-estado-lara","status":"publish","type":"post","link":"https:\/\/prensapresidencialvenezuela.gob.ve\/index.php\/2025\/04\/08\/18-mil-km-de-fibra-optica-beneficiara-a-la-comuna-socialista-ciudad-bendita-gran-poder-de-dios-en-el-estado-lara\/","title":{"rendered":"18 mil Km de fibra \u00f3ptica beneficiar\u00e1 a la Comuna Socialista Ciudad Bendita Gran Poder de Dios en el estado Lara"},"content":{"rendered":"\n<p><strong>Poliedro de Caracas.-<\/strong> En el marco del impulso a las pol\u00edticas de conectividad y desarrollo tecnol\u00f3gico, el presidente de la Rep\u00fablica Bolivariana de Venezuela, Nicol\u00e1s Maduro, supervis\u00f3 durante un pase televisivo la activaci\u00f3n del Motor Telecomunicaciones y Nuevas Tecnolog\u00edas en el estado Lara, los avances del Proyecto de Conectividad en la Comuna Socialista Ciudad Bendita Gran Poder de Dios, ubicada en la Mega Base de Misiones de la Comuna, parroquia Guerrera Ana Soto, sector Aeropuerto Jacinto Lara, municipio Iribarren.<\/p>\n\n\n\n<p>La iniciativa, desarrollada en conjunto con el Poder Popular organizado y la Mesa T\u00e9cnica de Telecomunicaciones, beneficia directamente a m\u00e1s de 250 familias de la comunidad.&nbsp;<\/p>\n\n\n\n<p><strong>Infraestructura y alcance del proyecto<\/strong><\/p>\n\n\n\n<p>Juan Duque, vicepresidente ejecutivo de la Compa\u00f1\u00eda An\u00f3nima Nacional Tel\u00e9fonos de Venezuela (CANTV), destac\u00f3 los logros alcanzados: \u00abEstamos haciendo posible lo que para muchos era imposible. Hemos desplegado m\u00e1s de 18 mil kil\u00f3metros de fibra \u00f3ptica en su totalidad, y hoy m\u00e1s de 170 viviendas disfrutan de un servicio de Internet de alta velocidad y tecnolog\u00eda avanzada\u00bb.&nbsp;<\/p>\n\n\n\n<p>Por su parte, Adymelis Carolina D\u00e1vila, l\u00edder comunitaria, expres\u00f3 su agradecimiento al presidente Maduro y resalt\u00f3 la importancia de la organizaci\u00f3n popular en la ejecuci\u00f3n del proyecto: \u00abToda la familia de Ciudad Bendita agradece al presidente Nicol\u00e1s Maduro. Esta es una experiencia que hoy vemos materializada gracias al trabajo conjunto entre las mesas t\u00e9cnicas y el contacto directo con el pueblo\u00bb.&nbsp;<\/p>\n\n\n\n<p>El proyecto ofrecer\u00e1 los siguientes beneficios a la comunidad:<\/p>\n\n\n\n<p>\u2022Telecomunicaciones integrales: telefon\u00eda fija y televisi\u00f3n por <em>streaming<\/em>.<\/p>\n\n\n\n<p>\u2022Internet de alta velocidad: 50 MB residencial para las familias.&nbsp;&nbsp;<\/p>\n\n\n\n<p>\u2022Interconexi\u00f3n de datos: proyectos para telefon\u00eda p\u00fablica y redes educativas.<\/p>\n\n\n\n<p>Esta iniciativa refuerza el compromiso del Gobierno Bolivariano con la modernizaci\u00f3n de la infraestructura tecnol\u00f3gica y el acceso equitativo a las telecomunicaciones, en l\u00ednea con los objetivos de desarrollo social y econ\u00f3mico del pa\u00eds.&nbsp;<\/p>\n\n\n\n<p><strong>Prensa Presidencial\/ Luis Tavera<\/strong><\/p>\n","protected":false},"excerpt":{"rendered":"<p>Poliedro de Caracas.- En el marco del impulso a las pol\u00edticas de conectividad y desarrollo tecnol\u00f3gico, el presidente de la Rep\u00fablica Bolivariana de Venezuela, Nicol\u00e1s Maduro, supervis\u00f3 durante un pase televisivo la activaci\u00f3n del Motor Telecomunicaciones y Nuevas Tecnolog\u00edas en el estado Lara, los avances del Proyecto de Conectividad en la Comuna Socialista Ciudad Bendita [&hellip;]<\/p>\n","protected":false},"author":1,"featured_media":18948,"comment_status":"open","ping_status":"open","sticky":false,"template":"","format":"standard","meta":{"footnotes":""},"categories":[18,7],"tags":[30,38,19,20],"class_list":["post-18947","post","type-post","status-publish","format-standard","has-post-thumbnail","hentry","category-noticias-principales","category-notas-de-prensa","tag-destacado","tag-diplomacia-bolivariana-de-paz","tag-nicolas-maduro","tag-venezuela"],"_links":{"self":[{"href":"https:\/\/prensapresidencialvenezuela.gob.ve\/index.php\/wp-json\/wp\/v2\/posts\/18947","targetHints":{"allow":["GET"]}}],"collection":[{"href":"https:\/\/prensapresidencialvenezuela.gob.ve\/index.php\/wp-json\/wp\/v2\/posts"}],"about":[{"href":"https:\/\/prensapresidencialvenezuela.gob.ve\/index.php\/wp-json\/wp\/v2\/types\/post"}],"author":[{"embeddable":true,"href":"https:\/\/prensapresidencialvenezuela.gob.ve\/index.php\/wp-json\/wp\/v2\/users\/1"}],"replies":[{"embeddable":true,"href":"https:\/\/prensapresidencialvenezuela.gob.ve\/index.php\/wp-json\/wp\/v2\/comments?post=18947"}],"version-history":[{"count":1,"href":"https:\/\/prensapresidencialvenezuela.gob.ve\/index.php\/wp-json\/wp\/v2\/posts\/18947\/revisions"}],"predecessor-version":[{"id":18949,"href":"https:\/\/prensapresidencialvenezuela.gob.ve\/index.php\/wp-json\/wp\/v2\/posts\/18947\/revisions\/18949"}],"wp:featuredmedia":[{"embeddable":true,"href":"https:\/\/prensapresidencialvenezuela.gob.ve\/index.php\/wp-json\/wp\/v2\/media\/18948"}],"wp:attachment":[{"href":"https:\/\/prensapresidencialvenezuela.gob.ve\/index.php\/wp-json\/wp\/v2\/media?parent=18947"}],"wp:term":[{"taxonomy":"category","embeddable":true,"href":"https:\/\/prensapresidencialvenezuela.gob.ve\/index.php\/wp-json\/wp\/v2\/categories?post=18947"},{"taxonomy":"post_tag","embeddable":true,"href":"https:\/\/prensapresidencialvenezuela.gob.ve\/index.php\/wp-json\/wp\/v2\/tags?post=18947"}],"curies":[{"name":"wp","href":"https:\/\/api.w.org\/{rel}","templated":true}]}}