{"id":18951,"date":"2025-04-08T20:42:53","date_gmt":"2025-04-09T00:42:53","guid":{"rendered":"https:\/\/prensapresidencialvenezuela.gob.ve\/?p=18951"},"modified":"2025-04-08T20:42:53","modified_gmt":"2025-04-09T00:42:53","slug":"presidente-maduro-se-esta-dando-un-golpe-definitivo-a-todo-el-sistema-economico-mundial","status":"publish","type":"post","link":"https:\/\/prensapresidencialvenezuela.gob.ve\/index.php\/2025\/04\/08\/presidente-maduro-se-esta-dando-un-golpe-definitivo-a-todo-el-sistema-economico-mundial\/","title":{"rendered":"Presidente Maduro: \u00abSe est\u00e1 dando un golpe definitivo a todo el sistema econ\u00f3mico mundial\u00bb"},"content":{"rendered":"\n<p><strong>Poliedro de Caracas.-<\/strong> El presidente de la Rep\u00fablica Bolivariana de Venezuela, Nicol\u00e1s Maduro, ha expresado su preocupaci\u00f3n por las recientes medidas de guerra arancelaria impuestas por el Gobierno de los Estados Unidos, y se\u00f1al\u00f3: \u00abSe est\u00e1 dando un golpe definitivo y total a todo el sistema comercial de derecho internacional a la Organizaci\u00f3n Mundial de Comercio (OMC) y a todo el sistema econ\u00f3mico mundial\u00bb.<\/p>\n\n\n\n<p>Estas acciones buscan, explic\u00f3 el presidente Maduro, \u00abimponer una sola hegemon\u00eda dominante en las reglas internacionales de la econom\u00eda, del comercio y de la moneda\u00bb.<\/p>\n\n\n\n<p>El Mandatario venezolano subray\u00f3: \u00abHoy por hoy se est\u00e1 dejando de lado acuerdos internacionales, como los acuerdos vigentes de la Organizaci\u00f3n Mundial del Comercio. Estoy describiendo la realidad\u00bb.<\/p>\n\n\n\n<p>En este contexto, cuestion\u00f3 la eficacia y accionar de la OMC, al preguntar: \u00ab\u00bfQui\u00e9n va a ir a la Organizaci\u00f3n Mundial de Comercio, qu\u00e9 puede hacer?\u00bb.<\/p>\n\n\n\n<p>En este sentido, compar\u00f3 la inacci\u00f3n de la OMC con la del secretario general de la Organizaci\u00f3n de las Naciones Unidas (ONU), Ant\u00f3nio Guterres, con respecto al genocidio contra el pueblo palestino por parte de las tropas israel\u00edes, al se\u00f1alar: \u00abPuede hacer tanto como \u00e9l, o sea nada, esa es la verdad\u00bb.<\/p>\n\n\n\n<p>Durante sus palabras destac\u00f3 que estamos ante \u00abel fin de los 80 a\u00f1os de lo que se llam\u00f3 la globalizaci\u00f3n\u00ab y el inicio de \u00abotra etapa econ\u00f3mica de la humanidad\u00bb.<\/p>\n\n\n\n<p>El Presidente tambi\u00e9n abord\u00f3 los efectos colaterales de esta guerra comercial, indicando: \u00abHay un cambio estructural\u00bb que debe ser estudiado y que no se limita a los \u00abimpactos coyunturales\u00bb como la p\u00e9rdida de grandes fortunas y el valor de los <em>commodities<\/em> internacionales.<\/p>\n\n\n\n<p>En esa l\u00ednea resalt\u00f3: \u00abEsta guerra comercial arancelaria y econ\u00f3mica viene a romper todas las reglas que se construyeron durante 80 a\u00f1os\u00bb.<\/p>\n\n\n\n<p>Asimismo, record\u00f3 las advertencias sobre el agotamiento del modelo neoliberal, al mencionar c\u00f3mo el comandante Hugo Ch\u00e1vez, levant\u00f3 la voz contra el Acuerdo de Libre Comercio de las Am\u00e9ricas (ALCA) y \u00abfue correcto y justo, porque pretend\u00edan aplicarnos un acuerdo llamado Acuerdo de Libre Comercio de las Am\u00e9ricas, que era la entrega completa de nuestras econom\u00edas\u00bb.<\/p>\n\n\n\n<p>El Presidente tambi\u00e9n hizo referencia a las consecuencias que han enfrentado otros pa\u00edses, como Colombia, donde los tratados de libre comercio han tenido un impacto negativo en su agricultura.<\/p>\n\n\n\n<p>\u00abColombia que fue una potencia mundial de alimentos, hicieron quebrar la agricultura colombiana\u00bb, lament\u00f3.<\/p>\n\n\n\n<p>En su alocuci\u00f3n destac\u00f3 el malestar en aquellos pa\u00edses que buscan construir modelos econ\u00f3micos propios y apunt\u00f3 a una contradicci\u00f3n inherente en el modelo neoliberal, que ha dejado a muchos pa\u00edses sinti\u00e9ndose explotados y sin derechos.<\/p>\n\n\n\n<p>Durante sus palabras tambi\u00e9n destac\u00f3 el papel del equipo econ\u00f3mico de alt\u00edsimo nivel que lidera junto a la vicepresidenta ejecutiva, Delcy Rodr\u00edguez, e indic\u00f3 que han estado \u00abatentos y estudiando en el corto, mediano y largo plazo\u00bb las din\u00e1micas econ\u00f3micas que afectan al pa\u00eds.<\/p>\n\n\n\n<p>Con esto resalt\u00f3 la importancia de un di\u00e1logo interconectado con todos los actores econ\u00f3micos de Venezuela, para abordar las consecuencias de las crisis actuales.<\/p>\n\n\n\n<p>El jefe de Estado venezolano. tras hacer un relat\u00f3 de los hechos hist\u00f3ricos de las recientes d\u00e9cadas, record\u00f3 el esp\u00edritu de paz y uni\u00f3n que emergi\u00f3 tras la victoria del Ej\u00e9rcito rojo sovi\u00e9tico sobre el nazismo y c\u00f3mo eso condujo a la creaci\u00f3n de la Organizaci\u00f3n de las Naciones Unidas (ONU), en 1945.<\/p>\n\n\n\n<p>\u00abNunca hab\u00eda existido una organizaci\u00f3n que representara a todas las civilizaciones y pueblos a trav\u00e9s del derecho internacional\u00bb, afirm\u00f3, enfatizando la importancia de este marco para la igualdad entre Estados y los derechos humanos universales.<\/p>\n\n\n\n<p>Sin embargo, el Presidente tambi\u00e9n se\u00f1al\u00f3 el desv\u00edo de esos ideales, al se\u00f1alar que el mundo ha sido v\u00edctima de un \u00abpensamiento \u00fanico\u00bb, que ha promovido el neoliberalismo desde los a\u00f1os ochenta, tras mencionar figuras como Ronald Reagan y Margaret Thatcher, como arquitectos del modelo econ\u00f3mico que ha llevado a la desigualdad global.<strong>Prensa Presidencial \/ Eduardo Hueck<\/strong><\/p>\n","protected":false},"excerpt":{"rendered":"<p>Poliedro de Caracas.- El presidente de la Rep\u00fablica Bolivariana de Venezuela, Nicol\u00e1s Maduro, ha expresado su preocupaci\u00f3n por las recientes medidas de guerra arancelaria impuestas por el Gobierno de los Estados Unidos, y se\u00f1al\u00f3: \u00abSe est\u00e1 dando un golpe definitivo y total a todo el sistema comercial de derecho internacional a la Organizaci\u00f3n Mundial de [&hellip;]<\/p>\n","protected":false},"author":1,"featured_media":18952,"comment_status":"open","ping_status":"open","sticky":false,"template":"","format":"standard","meta":{"footnotes":""},"categories":[18,7],"tags":[465,736,1088],"class_list":["post-18951","post","type-post","status-publish","format-standard","has-post-thumbnail","hentry","category-noticias-principales","category-notas-de-prensa","tag-economia","tag-golpe","tag-mundial"],"_links":{"self":[{"href":"https:\/\/prensapresidencialvenezuela.gob.ve\/index.php\/wp-json\/wp\/v2\/posts\/18951","targetHints":{"allow":["GET"]}}],"collection":[{"href":"https:\/\/prensapresidencialvenezuela.gob.ve\/index.php\/wp-json\/wp\/v2\/posts"}],"about":[{"href":"https:\/\/prensapresidencialvenezuela.gob.ve\/index.php\/wp-json\/wp\/v2\/types\/post"}],"author":[{"embeddable":true,"href":"https:\/\/prensapresidencialvenezuela.gob.ve\/index.php\/wp-json\/wp\/v2\/users\/1"}],"replies":[{"embeddable":true,"href":"https:\/\/prensapresidencialvenezuela.gob.ve\/index.php\/wp-json\/wp\/v2\/comments?post=18951"}],"version-history":[{"count":1,"href":"https:\/\/prensapresidencialvenezuela.gob.ve\/index.php\/wp-json\/wp\/v2\/posts\/18951\/revisions"}],"predecessor-version":[{"id":18953,"href":"https:\/\/prensapresidencialvenezuela.gob.ve\/index.php\/wp-json\/wp\/v2\/posts\/18951\/revisions\/18953"}],"wp:featuredmedia":[{"embeddable":true,"href":"https:\/\/prensapresidencialvenezuela.gob.ve\/index.php\/wp-json\/wp\/v2\/media\/18952"}],"wp:attachment":[{"href":"https:\/\/prensapresidencialvenezuela.gob.ve\/index.php\/wp-json\/wp\/v2\/media?parent=18951"}],"wp:term":[{"taxonomy":"category","embeddable":true,"href":"https:\/\/prensapresidencialvenezuela.gob.ve\/index.php\/wp-json\/wp\/v2\/categories?post=18951"},{"taxonomy":"post_tag","embeddable":true,"href":"https:\/\/prensapresidencialvenezuela.gob.ve\/index.php\/wp-json\/wp\/v2\/tags?post=18951"}],"curies":[{"name":"wp","href":"https:\/\/api.w.org\/{rel}","templated":true}]}}