{"id":18954,"date":"2025-04-08T20:50:50","date_gmt":"2025-04-09T00:50:50","guid":{"rendered":"https:\/\/prensapresidencialvenezuela.gob.ve\/?p=18954"},"modified":"2025-04-08T20:51:56","modified_gmt":"2025-04-09T00:51:56","slug":"gobierno-bolivariano-impulsa-el-desarrollo-de-la-red-5g","status":"publish","type":"post","link":"https:\/\/prensapresidencialvenezuela.gob.ve\/index.php\/2025\/04\/08\/gobierno-bolivariano-impulsa-el-desarrollo-de-la-red-5g\/","title":{"rendered":"Gobierno Bolivariano impulsa el desarrollo de la red 5G"},"content":{"rendered":"\n<p><strong>Poliedro de Caracas.- <\/strong>Durante la activaci\u00f3n del Motor de telecomunicaciones y Nuevas Tecnolog\u00edas, el presidente de la Rep\u00fablica Bolivariana de Venezuela, Nicol\u00e1s Maduro Moros, como parte del Plan Piloto 5G Movilnet, realiz\u00f3 un contacto satelital con el centro de Caracas, para mostrar los avances de las Radio Bases, el plan de instalaci\u00f3n y expansi\u00f3n.<\/p>\n\n\n\n<p>En este contexto, el jefe de Estado cedi\u00f3 la palabra al ingeniero V\u00edctor Mart\u00ednez, director de Planificaci\u00f3n de la Red, quien comunic\u00f3 que actualmente cuentan con 51 estaciones desplegadas en gran parte de Caracas y del estado La Guaira, atendiendo sitios estrat\u00e9gicos e importantes, como el Puerto de La Guaira y el Aeropuerto Internacional de Maiquet\u00eda.<\/p>\n\n\n\n<p>En ese orden, a\u00f1adi\u00f3 que este martes se realiz\u00f3 la transmisi\u00f3n en vivo desde una Radio Base 5G, en Puente Llaguno, destacando: \u00abCon orgullo podemos decir que somos la primera empresa m\u00f3vil en desarrollar una red 5G en nuestro pa\u00eds\u00bb.<\/p>\n\n\n\n<p>Asimismo, refiri\u00f3 que las velocidades que se obtienen a trav\u00e9s de las Radio Bases son entre 300 Mbps (megabits) por segundo, a 1G, y que adem\u00e1s, esto genera la posibilidad de comenzar a prestar servicios de FWA, que es un internet de alta capacidad para poder llegar hasta los lugares m\u00e1s rec\u00f3nditos en los que no llega la fibra \u00f3ptica.<\/p>\n\n\n\n<p>Por otra parte, el Presidente acot\u00f3 que este recorrido para el impulso de las Nuevas Tecnolog\u00edas se ha estado realizando desde el a\u00f1o 2023, para el impulso de las mismas; en vista de que, esto forma parte de los aportes en cuanto transmisiones de <em>streaming<\/em>, y el desarrollo del sector de telecomunicaciones para seguir impulsando el crecimiento de la econom\u00eda del pa\u00eds.<\/p>\n\n\n\n<p><strong>Prensa Presidencial\/Irmary D\u00edaz.<\/strong><\/p>\n","protected":false},"excerpt":{"rendered":"<p>Poliedro de Caracas.- Durante la activaci\u00f3n del Motor de telecomunicaciones y Nuevas Tecnolog\u00edas, el presidente de la Rep\u00fablica Bolivariana de Venezuela, Nicol\u00e1s Maduro Moros, como parte del Plan Piloto 5G Movilnet, realiz\u00f3 un contacto satelital con el centro de Caracas, para mostrar los avances de las Radio Bases, el plan de instalaci\u00f3n y expansi\u00f3n. En [&hellip;]<\/p>\n","protected":false},"author":1,"featured_media":18957,"comment_status":"open","ping_status":"open","sticky":false,"template":"","format":"standard","meta":{"footnotes":""},"categories":[18,7],"tags":[1617,477,1618],"class_list":["post-18954","post","type-post","status-publish","format-standard","has-post-thumbnail","hentry","category-noticias-principales","category-notas-de-prensa","tag-5g","tag-gobierno","tag-impulso"],"_links":{"self":[{"href":"https:\/\/prensapresidencialvenezuela.gob.ve\/index.php\/wp-json\/wp\/v2\/posts\/18954","targetHints":{"allow":["GET"]}}],"collection":[{"href":"https:\/\/prensapresidencialvenezuela.gob.ve\/index.php\/wp-json\/wp\/v2\/posts"}],"about":[{"href":"https:\/\/prensapresidencialvenezuela.gob.ve\/index.php\/wp-json\/wp\/v2\/types\/post"}],"author":[{"embeddable":true,"href":"https:\/\/prensapresidencialvenezuela.gob.ve\/index.php\/wp-json\/wp\/v2\/users\/1"}],"replies":[{"embeddable":true,"href":"https:\/\/prensapresidencialvenezuela.gob.ve\/index.php\/wp-json\/wp\/v2\/comments?post=18954"}],"version-history":[{"count":1,"href":"https:\/\/prensapresidencialvenezuela.gob.ve\/index.php\/wp-json\/wp\/v2\/posts\/18954\/revisions"}],"predecessor-version":[{"id":18956,"href":"https:\/\/prensapresidencialvenezuela.gob.ve\/index.php\/wp-json\/wp\/v2\/posts\/18954\/revisions\/18956"}],"wp:featuredmedia":[{"embeddable":true,"href":"https:\/\/prensapresidencialvenezuela.gob.ve\/index.php\/wp-json\/wp\/v2\/media\/18957"}],"wp:attachment":[{"href":"https:\/\/prensapresidencialvenezuela.gob.ve\/index.php\/wp-json\/wp\/v2\/media?parent=18954"}],"wp:term":[{"taxonomy":"category","embeddable":true,"href":"https:\/\/prensapresidencialvenezuela.gob.ve\/index.php\/wp-json\/wp\/v2\/categories?post=18954"},{"taxonomy":"post_tag","embeddable":true,"href":"https:\/\/prensapresidencialvenezuela.gob.ve\/index.php\/wp-json\/wp\/v2\/tags?post=18954"}],"curies":[{"name":"wp","href":"https:\/\/api.w.org\/{rel}","templated":true}]}}