{"id":18958,"date":"2025-04-08T21:14:15","date_gmt":"2025-04-09T01:14:15","guid":{"rendered":"https:\/\/prensapresidencialvenezuela.gob.ve\/?p=18958"},"modified":"2025-04-08T21:15:45","modified_gmt":"2025-04-09T01:15:45","slug":"presidente-maduro-estados-unidos-y-su-elite-deben-entender-que-deben-respetar-y-convivir-con-los-pueblos-del-mundo","status":"publish","type":"post","link":"https:\/\/prensapresidencialvenezuela.gob.ve\/index.php\/2025\/04\/08\/presidente-maduro-estados-unidos-y-su-elite-deben-entender-que-deben-respetar-y-convivir-con-los-pueblos-del-mundo\/","title":{"rendered":"\u00c9lite estadounidense debe reconocer la necesidad de respetar y convivir con los pueblos"},"content":{"rendered":"\n<p><strong>Poliedro de Caracas.-<\/strong>&nbsp; El presidente Nicol\u00e1s Maduro rechaz\u00f3 las afirmaciones provenientes de Estados Unidos que sugieren que el mundo se ha aprovechado y saqueado a la naci\u00f3n norteamericana.<\/p>\n\n\n\n<p>\u201cNo es verdad lo que se dice desde Estados Unidos: que el mundo se ha aprovechado de Estados Unidos, que el mundo ha saqueado a Estados Unidos, y que entonces Estados Unidos tiene que ponerle y ponerle aranceles, condiciones al mundo entero\u201d, subray\u00f3.<\/p>\n\n\n\n<p>El Mandatario cuestion\u00f3 la idea de que Estados Unidos se est\u00e9 liberando del resto del mundo, al plantear una reflexi\u00f3n sobre qui\u00e9n realmente necesita liberarse.<\/p>\n\n\n\n<p>\u201c\u00bfQui\u00e9n se libera de qui\u00e9n, Estados Unidos del mundo o qui\u00e9n tiene que liberarse, el mundo de los Estados Unidos?\u201d, pregunt\u00f3.<\/p>\n\n\n\n<p>Asimismo, inst\u00f3 a la \u00e9lite estadounidense a reconocer la necesidad de respetar y convivir con diversas civilizaciones y pueblos.<\/p>\n\n\n\n<p>\u201cEn los Estados Unidos de Norteam\u00e9rica y su \u00e9lite tienen que entender que tienen que, m\u00e1s temprano que tarde, respetar y convivir con las distintas civilizaciones humanas y con los distintos pueblos que tienen derecho al desarrollo, a la igualdad y al futuro\u201d, subray\u00f3.<\/p>\n\n\n\n<p>El presidente Maduro tambi\u00e9n enfatiz\u00f3 que el siglo XXI debe ser un tiempo de democracia y libertad, donde todos los pueblos tengan la oportunidad de desarrollarse y \u201cpara que haya pueblos libres tiene que haber desarrollo\u201d, a\u00f1adi\u00f3.<\/p>\n\n\n\n<p>Durante la actividad, continu\u00f3 su discurso abordando la transformaci\u00f3n del orden econ\u00f3mico global.<\/p>\n\n\n\n<p>\u201cHoy la humanidad es m\u00e1s grande en la econom\u00eda, m\u00e1s importante en la econom\u00eda que los Estados Unidos de Norteam\u00e9rica. Hoy hay un nuevo mundo al cual nosotros pertenecemos\u201d, expres\u00f3 y reiter\u00f3 que Venezuela cuenta con su propio modelo econ\u00f3mico y motores para enfrentar los desaf\u00edos actuales.<\/p>\n\n\n\n<p>En un tono reflexivo, plante\u00f3 un dilema sobre el futuro de la humanidad:<\/p>\n\n\n\n<p>\u201c\u00bfEs que pudiera la humanidad pasar a una nueva era de colonialismo econ\u00f3mico y como colonialismo econ\u00f3mico a colonialismo pol\u00edtico, cultural, ideol\u00f3gico, tecnol\u00f3gico? \u00bfEs eso justo, democr\u00e1tico, es eso humano acaso?\u201d A lo que respondi\u00f3 enf\u00e1ticamente: \u201cNi justo ni democr\u00e1tico y es bastante inhumano\u201d, subray\u00f3.<\/p>\n\n\n\n<p>En este sentido, el jefe de Estado venezolano reafirm\u00f3 el compromiso de la Naci\u00f3n con su propio desarrollo y resistencia ante cualquier forma de dominaci\u00f3n.<\/p>\n\n\n\n<p>\u201cSer esclavo, ser colonia, ser dominado por un hegem\u00f3n no es alternativa para la humanidad y no es alternativa para Venezuela\u201d, concluy\u00f3, tras indicar que el pueblo venezolano tiene un \u201camor gigantesco por nuestro pa\u00eds pero tambi\u00e9n por la humanidad\u201d.<\/p>\n\n\n\n<p><strong>Prensa Presidencial \/ Eduardo Hueck<\/strong><\/p>\n","protected":false},"excerpt":{"rendered":"<p>Poliedro de Caracas.-&nbsp; El presidente Nicol\u00e1s Maduro rechaz\u00f3 las afirmaciones provenientes de Estados Unidos que sugieren que el mundo se ha aprovechado y saqueado a la naci\u00f3n norteamericana. \u201cNo es verdad lo que se dice desde Estados Unidos: que el mundo se ha aprovechado de Estados Unidos, que el mundo ha saqueado a Estados Unidos, [&hellip;]<\/p>\n","protected":false},"author":1,"featured_media":18959,"comment_status":"open","ping_status":"open","sticky":false,"template":"","format":"standard","meta":{"footnotes":""},"categories":[18,7],"tags":[59,909,451],"class_list":["post-18958","post","type-post","status-publish","format-standard","has-post-thumbnail","hentry","category-noticias-principales","category-notas-de-prensa","tag-eeuu","tag-mundo","tag-pueblo"],"_links":{"self":[{"href":"https:\/\/prensapresidencialvenezuela.gob.ve\/index.php\/wp-json\/wp\/v2\/posts\/18958","targetHints":{"allow":["GET"]}}],"collection":[{"href":"https:\/\/prensapresidencialvenezuela.gob.ve\/index.php\/wp-json\/wp\/v2\/posts"}],"about":[{"href":"https:\/\/prensapresidencialvenezuela.gob.ve\/index.php\/wp-json\/wp\/v2\/types\/post"}],"author":[{"embeddable":true,"href":"https:\/\/prensapresidencialvenezuela.gob.ve\/index.php\/wp-json\/wp\/v2\/users\/1"}],"replies":[{"embeddable":true,"href":"https:\/\/prensapresidencialvenezuela.gob.ve\/index.php\/wp-json\/wp\/v2\/comments?post=18958"}],"version-history":[{"count":2,"href":"https:\/\/prensapresidencialvenezuela.gob.ve\/index.php\/wp-json\/wp\/v2\/posts\/18958\/revisions"}],"predecessor-version":[{"id":18962,"href":"https:\/\/prensapresidencialvenezuela.gob.ve\/index.php\/wp-json\/wp\/v2\/posts\/18958\/revisions\/18962"}],"wp:featuredmedia":[{"embeddable":true,"href":"https:\/\/prensapresidencialvenezuela.gob.ve\/index.php\/wp-json\/wp\/v2\/media\/18959"}],"wp:attachment":[{"href":"https:\/\/prensapresidencialvenezuela.gob.ve\/index.php\/wp-json\/wp\/v2\/media?parent=18958"}],"wp:term":[{"taxonomy":"category","embeddable":true,"href":"https:\/\/prensapresidencialvenezuela.gob.ve\/index.php\/wp-json\/wp\/v2\/categories?post=18958"},{"taxonomy":"post_tag","embeddable":true,"href":"https:\/\/prensapresidencialvenezuela.gob.ve\/index.php\/wp-json\/wp\/v2\/tags?post=18958"}],"curies":[{"name":"wp","href":"https:\/\/api.w.org\/{rel}","templated":true}]}}