{"id":18963,"date":"2025-04-09T17:46:43","date_gmt":"2025-04-09T21:46:43","guid":{"rendered":"https:\/\/prensapresidencialvenezuela.gob.ve\/?p=18963"},"modified":"2025-04-09T17:46:45","modified_gmt":"2025-04-09T21:46:45","slug":"presidente-maduro-comparte-mensaje-en-la-ix-cumbre-de-jefas-jefes-de-estado-y-de-gobierno-de-la-celac","status":"publish","type":"post","link":"https:\/\/prensapresidencialvenezuela.gob.ve\/index.php\/2025\/04\/09\/presidente-maduro-comparte-mensaje-en-la-ix-cumbre-de-jefas-jefes-de-estado-y-de-gobierno-de-la-celac\/","title":{"rendered":"Presidente Maduro comparte mensaje en la IX Cumbre de Jefas, Jefes de Estado y de Gobierno de la CELAC"},"content":{"rendered":"\n<p><strong>Palacio de Miraflores, Caracas.- <\/strong>Este mi\u00e9rcoles, el presidente de la Rep\u00fablica Bolivariana de Venezuela, Nicol\u00e1s Maduro, comparti\u00f3 mensaje en la IX Cumbre de Jefas, Jefes de Estado y de Gobierno de la Comunidad de Estados Latinoamericanos y Caribe\u00f1os (CELAC), en un formato virtual, para ratificar su convicci\u00f3n e irrestricta convicci\u00f3n en el poder que tiene este bloque unionista, en beneficio de toda la Regi\u00f3n.<\/p>\n\n\n\n<p>Sobre la cita internacional que tiene lugar en la capital de Honduras,Tegucigalpa, el presidente de la Rep\u00fablica Bolivariana de Venezuela, Nicol\u00e1s Maduro Moros, calific\u00f3 este encuentro de muy importante, en los tiempos y nuevos retos que le corresponde asumir a las naciones que integran este mecanismo integrador.<\/p>\n\n\n\n<p>Ante esta reuni\u00f3n de jefes de Estado y delegados de los 33 pa\u00edses miembros, el Dignatario nacional expres\u00f3 su sentir por el pueblo de Honduras, al que le envi\u00f3 un caluroso mensaje, para decirles que Venezuela ama con persistencia a la naci\u00f3n hermana.<\/p>\n\n\n\n<p>\u00abVenimos junto a la resistencia, avanzando en los tiempos hist\u00f3ricos\u00bb, subray\u00f3.<\/p>\n\n\n\n<p>En esa l\u00ednea, el Presidente venezolano transmiti\u00f3 sus saludos a su par de Honduras, Xiomara Castro, presidenta <em>pro tempore<\/em> del foro regional. Fue un saludo solidario, as\u00ed como a todo el pueblo de Am\u00e9rica Latina y el Caribe, de los cuales dijo: \u00abRepresentan las m\u00e1s dignas voces de nuestro continente\u00bb.<\/p>\n\n\n\n<p>Esta IX Cumbre de la CELAC se da en medio de la guerra comercial que ha sido declarada por el presidente de Estados Unidos (EE.UU.) Donald Trump, y la deportaci\u00f3n de miles de migrantes desde el retorno del republicano a la Casa Blanca.<\/p>\n\n\n\n<p><strong>Prensa Presidencial\/ Irmary D\u00edaz <\/strong><\/p>\n\n\n\n<p><\/p>\n","protected":false},"excerpt":{"rendered":"<p>Palacio de Miraflores, Caracas.- Este mi\u00e9rcoles, el presidente de la Rep\u00fablica Bolivariana de Venezuela, Nicol\u00e1s Maduro, comparti\u00f3 mensaje en la IX Cumbre de Jefas, Jefes de Estado y de Gobierno de la Comunidad de Estados Latinoamericanos y Caribe\u00f1os (CELAC), en un formato virtual, para ratificar su convicci\u00f3n e irrestricta convicci\u00f3n en el poder que tiene [&hellip;]<\/p>\n","protected":false},"author":1,"featured_media":18964,"comment_status":"open","ping_status":"open","sticky":false,"template":"","format":"standard","meta":{"footnotes":""},"categories":[18,7],"tags":[117,134,20],"class_list":["post-18963","post","type-post","status-publish","format-standard","has-post-thumbnail","hentry","category-noticias-principales","category-notas-de-prensa","tag-celac","tag-cumbre","tag-venezuela"],"_links":{"self":[{"href":"https:\/\/prensapresidencialvenezuela.gob.ve\/index.php\/wp-json\/wp\/v2\/posts\/18963","targetHints":{"allow":["GET"]}}],"collection":[{"href":"https:\/\/prensapresidencialvenezuela.gob.ve\/index.php\/wp-json\/wp\/v2\/posts"}],"about":[{"href":"https:\/\/prensapresidencialvenezuela.gob.ve\/index.php\/wp-json\/wp\/v2\/types\/post"}],"author":[{"embeddable":true,"href":"https:\/\/prensapresidencialvenezuela.gob.ve\/index.php\/wp-json\/wp\/v2\/users\/1"}],"replies":[{"embeddable":true,"href":"https:\/\/prensapresidencialvenezuela.gob.ve\/index.php\/wp-json\/wp\/v2\/comments?post=18963"}],"version-history":[{"count":1,"href":"https:\/\/prensapresidencialvenezuela.gob.ve\/index.php\/wp-json\/wp\/v2\/posts\/18963\/revisions"}],"predecessor-version":[{"id":18965,"href":"https:\/\/prensapresidencialvenezuela.gob.ve\/index.php\/wp-json\/wp\/v2\/posts\/18963\/revisions\/18965"}],"wp:featuredmedia":[{"embeddable":true,"href":"https:\/\/prensapresidencialvenezuela.gob.ve\/index.php\/wp-json\/wp\/v2\/media\/18964"}],"wp:attachment":[{"href":"https:\/\/prensapresidencialvenezuela.gob.ve\/index.php\/wp-json\/wp\/v2\/media?parent=18963"}],"wp:term":[{"taxonomy":"category","embeddable":true,"href":"https:\/\/prensapresidencialvenezuela.gob.ve\/index.php\/wp-json\/wp\/v2\/categories?post=18963"},{"taxonomy":"post_tag","embeddable":true,"href":"https:\/\/prensapresidencialvenezuela.gob.ve\/index.php\/wp-json\/wp\/v2\/tags?post=18963"}],"curies":[{"name":"wp","href":"https:\/\/api.w.org\/{rel}","templated":true}]}}