{"id":18967,"date":"2025-04-09T17:52:40","date_gmt":"2025-04-09T21:52:40","guid":{"rendered":"https:\/\/prensapresidencialvenezuela.gob.ve\/?p=18967"},"modified":"2025-04-09T17:52:40","modified_gmt":"2025-04-09T21:52:40","slug":"celac-foro-de-grandes-retos-para-la-reinvencion-y-el-florecer-de-la-america-latina-y-el-caribe","status":"publish","type":"post","link":"https:\/\/prensapresidencialvenezuela.gob.ve\/index.php\/2025\/04\/09\/celac-foro-de-grandes-retos-para-la-reinvencion-y-el-florecer-de-la-america-latina-y-el-caribe\/","title":{"rendered":"CELAC: Foro de grandes retos para la reinvenci\u00f3n y el florecer\u00a0 de la Am\u00e9rica Latina y el Caribe"},"content":{"rendered":"\n<p><strong>Palacio de Miraflores, Caracas.-<\/strong> El presidente de la Rep\u00fablica Bolivariana de Venezuela, Nicol\u00e1s Maduro Moros, destac\u00f3 que la Comunidad de Estados Latinoamericanos y Caribe\u00f1os (CELAC), tiene grandes retos para reinventarse, por lo que hizo \u00e9nfasis en el que la uni\u00f3n de los pueblos que conforman este foro regional debe transformarse y adaptarse, de manera creadora, a los tiempos que est\u00e1n en pleno proceso de desarrollo.<\/p>\n\n\n\n<p>En esa l\u00ednea, record\u00f3 el porqu\u00e9 de esta trayectoria y c\u00f3mo ha dejado un patrimonio de ideales y valores, que est\u00e1n despuntando en el siglo XXI con el surgimiento de la CELAC, con el objetivo de florecer en este nuevo tiempo para Am\u00e9rica Latina y el Caribe.<\/p>\n\n\n\n<p>El Dignatario venezolano hizo un recuento cronol\u00f3gico de lo que ha sido la participaci\u00f3n de Venezuela en este mecanismo unionista y la trascendencia que ha tenido hasta el presente:<\/p>\n\n\n\n<p>\u00abRecuerdo como si fuera ayer, era canciller del comandante Hugo Ch\u00e1vez, cuando fue convocada la primera Cumbre para la Uni\u00f3n de Am\u00e9rica Latina y el Caribe, en Salvador de Bah\u00eda, diciembre 16 y 17 del a\u00f1o 2008\u00bb, evoc\u00f3.<\/p>\n\n\n\n<p>Asimismo, detall\u00f3 que luego de esto se dio la Cumbre de Canc\u00fan, en febrero del 2010, catalog\u00e1ndola, adem\u00e1s, de inolvidable, porque fue donde se trat\u00f3 de clavar un zarpazo para que \u00abno naciera nuestra comunidad\u00bb.<\/p>\n\n\n\n<p>Relat\u00f3 que rememoraba como si fuera ayer, aquella cumbre hist\u00f3rica que fue presidida por el comandante presidente, Hugo Ch\u00e1vez, en la ciudad de Caracas, el 2 y 3 de diciembre del a\u00f1o 2011.<\/p>\n\n\n\n<p>Con gran sentimiento y a su vez un profundo orgullo, el jefe de Estado mencion\u00f3 que en ese tiempo el Comandante ya enfrentaba la enfermedad que \u00ablo atac\u00f3 como un zarpazo tambi\u00e9n\u00bb.<\/p>\n\n\n\n<p>Para finalizar, acentu\u00f3 que todos los caminos que condujeron al Gobierno revolucionario a La Habana, Cuba, a Santiago de Chile, a Santo Domingo, a Quito, y M\u00e9xico, fue el recorrido de una trayectoria que dej\u00f3 un patrimonio de ideales y de valores para Am\u00e9rica Latina y el Caribe.<\/p>\n\n\n\n<p><strong>Prensa Presidencial\/Irmary D\u00edaz<\/strong><\/p>\n","protected":false},"excerpt":{"rendered":"<p>Palacio de Miraflores, Caracas.- El presidente de la Rep\u00fablica Bolivariana de Venezuela, Nicol\u00e1s Maduro Moros, destac\u00f3 que la Comunidad de Estados Latinoamericanos y Caribe\u00f1os (CELAC), tiene grandes retos para reinventarse, por lo que hizo \u00e9nfasis en el que la uni\u00f3n de los pueblos que conforman este foro regional debe transformarse y adaptarse, de manera creadora, [&hellip;]<\/p>\n","protected":false},"author":1,"featured_media":18968,"comment_status":"open","ping_status":"open","sticky":false,"template":"","format":"standard","meta":{"footnotes":""},"categories":[18,7],"tags":[117,1084],"class_list":["post-18967","post","type-post","status-publish","format-standard","has-post-thumbnail","hentry","category-noticias-principales","category-notas-de-prensa","tag-celac","tag-retos"],"_links":{"self":[{"href":"https:\/\/prensapresidencialvenezuela.gob.ve\/index.php\/wp-json\/wp\/v2\/posts\/18967","targetHints":{"allow":["GET"]}}],"collection":[{"href":"https:\/\/prensapresidencialvenezuela.gob.ve\/index.php\/wp-json\/wp\/v2\/posts"}],"about":[{"href":"https:\/\/prensapresidencialvenezuela.gob.ve\/index.php\/wp-json\/wp\/v2\/types\/post"}],"author":[{"embeddable":true,"href":"https:\/\/prensapresidencialvenezuela.gob.ve\/index.php\/wp-json\/wp\/v2\/users\/1"}],"replies":[{"embeddable":true,"href":"https:\/\/prensapresidencialvenezuela.gob.ve\/index.php\/wp-json\/wp\/v2\/comments?post=18967"}],"version-history":[{"count":1,"href":"https:\/\/prensapresidencialvenezuela.gob.ve\/index.php\/wp-json\/wp\/v2\/posts\/18967\/revisions"}],"predecessor-version":[{"id":18969,"href":"https:\/\/prensapresidencialvenezuela.gob.ve\/index.php\/wp-json\/wp\/v2\/posts\/18967\/revisions\/18969"}],"wp:featuredmedia":[{"embeddable":true,"href":"https:\/\/prensapresidencialvenezuela.gob.ve\/index.php\/wp-json\/wp\/v2\/media\/18968"}],"wp:attachment":[{"href":"https:\/\/prensapresidencialvenezuela.gob.ve\/index.php\/wp-json\/wp\/v2\/media?parent=18967"}],"wp:term":[{"taxonomy":"category","embeddable":true,"href":"https:\/\/prensapresidencialvenezuela.gob.ve\/index.php\/wp-json\/wp\/v2\/categories?post=18967"},{"taxonomy":"post_tag","embeddable":true,"href":"https:\/\/prensapresidencialvenezuela.gob.ve\/index.php\/wp-json\/wp\/v2\/tags?post=18967"}],"curies":[{"name":"wp","href":"https:\/\/api.w.org\/{rel}","templated":true}]}}