{"id":18970,"date":"2025-04-09T17:57:10","date_gmt":"2025-04-09T21:57:10","guid":{"rendered":"https:\/\/prensapresidencialvenezuela.gob.ve\/?p=18970"},"modified":"2025-04-09T17:57:11","modified_gmt":"2025-04-09T21:57:11","slug":"union-de-los-pueblos-es-fundamental-para-el-robustecimiento-de-la-celac","status":"publish","type":"post","link":"https:\/\/prensapresidencialvenezuela.gob.ve\/index.php\/2025\/04\/09\/union-de-los-pueblos-es-fundamental-para-el-robustecimiento-de-la-celac\/","title":{"rendered":"Uni\u00f3n de los pueblos es fundamental para el robustecimiento de la CELAC"},"content":{"rendered":"\n<p><strong>Palacio de Miraflores, Caracas.-<\/strong> \u00abLa uni\u00f3n de nuestros pueblos es una obligaci\u00f3n y debe ser construida en base al patrimonio que hemos logrado aportar y acumular de propuestas\u00bb, subray\u00f3 el presidente de la Rep\u00fablica Bolivariana de Venezuela, Nicol\u00e1s Maduro Moros, como parte de su mensaje a todos los jefes de Estado y de Gobierno de las naciones que conforman este foro regional.&nbsp;<\/p>\n\n\n\n<p>El Presidente venezolano mencion\u00f3 que si la uni\u00f3n en la diversidad fue posible, gracias a un gran di\u00e1logo que se ha generado entre las distintas corrientes y proyectos de opini\u00f3n, hoy la ofensiva que se ha generado contra el mundo entero, exige a los pueblos de Am\u00e9rica Latina y el Caribe a plantearse un despertar colectivo de la conciencia de los pueblos y los gobiernos que defienden y aman su soberan\u00eda y autodeterminaci\u00f3n.<\/p>\n\n\n\n<p>\u00abTenemos un amor profundo por el sue\u00f1o de un futuro en libertad, con soberan\u00eda e independencia, con prosperidad, ganada y trabajada por nuestros pueblos en uni\u00f3n fecunda de nuestra regi\u00f3n\u00bb, subray\u00f3 el jefe de Estado para referirse a la fuerza y uni\u00f3n fecunda que mantiene el impulso de poderosa Comunidad de Estados Latinoamericanos y Caribe\u00f1os (CELAC).<\/p>\n\n\n\n<p>El Mandatario Nacional resalt\u00f3 el legado de la uni\u00f3n fecunda, esa que fue propugnada por la primera generaci\u00f3n de libertadores que levantaron la Patria, como Bol\u00edvar, Sucre, San Mart\u00edn, Jos\u00e9 Gervasio Artigas, Francisco Moraz\u00e1n, Morelos y tantos otros, Manuelita S\u00e1enz, Bartolina Siso, Luisa C\u00e1ceres de Arismendi, quienes fueron hombres y mujeres de la generaci\u00f3n virtuosa de hace 200 a\u00f1os, y dejaron un pensamiento, un legado y una misi\u00f3n por cumplir.<\/p>\n\n\n\n<p>En la actualidad, Am\u00e9rica Latina es un espacio de convergencia por la paz, porque es el llamado del Libertador Sim\u00f3n Bol\u00edvar, sobre la idea de la unidad regional, que va m\u00e1s all\u00e1 del enfoque de un presidente, sino de una Regi\u00f3n que se distingue por la ausencia de violencia armada entre naciones, configur\u00e1ndose como una de las zonas de paz con grandes recursos naturales y mucho potencial que ofrecer en el futuro.<\/p>\n\n\n\n<p><strong>Prensa Presidencial\/Irmary D\u00edaz<\/strong><\/p>\n","protected":false},"excerpt":{"rendered":"<p>Palacio de Miraflores, Caracas.- \u00abLa uni\u00f3n de nuestros pueblos es una obligaci\u00f3n y debe ser construida en base al patrimonio que hemos logrado aportar y acumular de propuestas\u00bb, subray\u00f3 el presidente de la Rep\u00fablica Bolivariana de Venezuela, Nicol\u00e1s Maduro Moros, como parte de su mensaje a todos los jefes de Estado y de Gobierno de [&hellip;]<\/p>\n","protected":false},"author":1,"featured_media":18971,"comment_status":"open","ping_status":"open","sticky":false,"template":"","format":"standard","meta":{"footnotes":""},"categories":[18,7],"tags":[117,451,552],"class_list":["post-18970","post","type-post","status-publish","format-standard","has-post-thumbnail","hentry","category-noticias-principales","category-notas-de-prensa","tag-celac","tag-pueblo","tag-union"],"_links":{"self":[{"href":"https:\/\/prensapresidencialvenezuela.gob.ve\/index.php\/wp-json\/wp\/v2\/posts\/18970","targetHints":{"allow":["GET"]}}],"collection":[{"href":"https:\/\/prensapresidencialvenezuela.gob.ve\/index.php\/wp-json\/wp\/v2\/posts"}],"about":[{"href":"https:\/\/prensapresidencialvenezuela.gob.ve\/index.php\/wp-json\/wp\/v2\/types\/post"}],"author":[{"embeddable":true,"href":"https:\/\/prensapresidencialvenezuela.gob.ve\/index.php\/wp-json\/wp\/v2\/users\/1"}],"replies":[{"embeddable":true,"href":"https:\/\/prensapresidencialvenezuela.gob.ve\/index.php\/wp-json\/wp\/v2\/comments?post=18970"}],"version-history":[{"count":1,"href":"https:\/\/prensapresidencialvenezuela.gob.ve\/index.php\/wp-json\/wp\/v2\/posts\/18970\/revisions"}],"predecessor-version":[{"id":18972,"href":"https:\/\/prensapresidencialvenezuela.gob.ve\/index.php\/wp-json\/wp\/v2\/posts\/18970\/revisions\/18972"}],"wp:featuredmedia":[{"embeddable":true,"href":"https:\/\/prensapresidencialvenezuela.gob.ve\/index.php\/wp-json\/wp\/v2\/media\/18971"}],"wp:attachment":[{"href":"https:\/\/prensapresidencialvenezuela.gob.ve\/index.php\/wp-json\/wp\/v2\/media?parent=18970"}],"wp:term":[{"taxonomy":"category","embeddable":true,"href":"https:\/\/prensapresidencialvenezuela.gob.ve\/index.php\/wp-json\/wp\/v2\/categories?post=18970"},{"taxonomy":"post_tag","embeddable":true,"href":"https:\/\/prensapresidencialvenezuela.gob.ve\/index.php\/wp-json\/wp\/v2\/tags?post=18970"}],"curies":[{"name":"wp","href":"https:\/\/api.w.org\/{rel}","templated":true}]}}