{"id":18973,"date":"2025-04-09T18:01:18","date_gmt":"2025-04-09T22:01:18","guid":{"rendered":"https:\/\/prensapresidencialvenezuela.gob.ve\/?p=18973"},"modified":"2025-04-09T18:02:32","modified_gmt":"2025-04-09T22:02:32","slug":"jefe-de-estado-insta-a-la-reactivacion-de-consejos-de-ministros-de-la-celac","status":"publish","type":"post","link":"https:\/\/prensapresidencialvenezuela.gob.ve\/index.php\/2025\/04\/09\/jefe-de-estado-insta-a-la-reactivacion-de-consejos-de-ministros-de-la-celac\/","title":{"rendered":"Jefe de Estado insta a la reactivaci\u00f3n de Consejos de Ministros de la CELAC"},"content":{"rendered":"\n<p><strong>Palacio de Miraflores, Caracas.-<\/strong> El presidente de la Rep\u00fablica Bolivariana de Venezuela, Nicol\u00e1s Maduro Moros, inst\u00f3 a la Comunidad de Estados Latinoamericanos y Caribe\u00f1os (CELAC), a retomar con fuerza la realizaci\u00f3n de los Consejos de Ministros, para la unificaci\u00f3n en la tarea diaria y en el logro permanente del trabajo que se elabora en este foro regional.<\/p>\n\n\n\n<p>El jefe de Estado hizo este llamado para se\u00f1alar que deben retomarse estas reuniones, tal como lo ha hecho Honduras con su extraordinaria Presidencia, motivo por el que felicit\u00f3 a la presidenta Xiomara Castro y al pueblo hondure\u00f1o, por el liderazgo que ha demostrado para reactivar estas modalidades, para abordar temas en materia econ\u00f3mica, as\u00ed como en salud, educaci\u00f3n, ciencia y tecnolog\u00eda.<\/p>\n\n\n\n<p>Adem\u00e1s, el Mandatario se\u00f1al\u00f3 que estos Consejos de Ministros tienen que aportar experiencias e ideas para una acci\u00f3n com\u00fan, que vaya unificando a los pueblos de Am\u00e9rica Latina y el Caribe.<\/p>\n\n\n\n<p>\u00abLa Comunidad de Estados Latinoamericanos tiene que visualizarse a mediano y largo plazo, para la edificaci\u00f3n de su institucionalidad\u00bb, dijo el jefe de Estado venezolano.<\/p>\n\n\n\n<p>El Dignatario venezolano record\u00f3 que Venezuela ha planteado la constituci\u00f3n de una Secretar\u00eda General de la CELAC, que sea dirigida en funci\u00f3n de darle seguimiento oportuno y capacidad de reuni\u00f3n, en vista de que la Cumbre anual se ha mantenido gracias a que \u00ablogramos salvar la CELAC de la arremetida del Grupo de Lima, que afortunadamente dej\u00f3 de existir hace tiempo\u00bb.<\/p>\n\n\n\n<p>Sobre esta instancia record\u00f3: \u00ab[un] Grupo de Lima conformado para venir contra Venezuela, y que se estrell\u00f3 con la fuerza de la resistencia heroica e hist\u00f3rica de nuestro pueblo\u00bb.<\/p>\n\n\n\n<p>El Presidente asever\u00f3 que la CELAC tiene que avanzar hacia la concreci\u00f3n de nuevas formas de comunicaci\u00f3n, y en aras fomentar la articulaci\u00f3n plena de los 33 Estados miembros.<\/p>\n\n\n\n<p><strong>Prensa Presidencial\/Irmary D\u00edaz<\/strong><\/p>\n","protected":false},"excerpt":{"rendered":"<p>Palacio de Miraflores, Caracas.- El presidente de la Rep\u00fablica Bolivariana de Venezuela, Nicol\u00e1s Maduro Moros, inst\u00f3 a la Comunidad de Estados Latinoamericanos y Caribe\u00f1os (CELAC), a retomar con fuerza la realizaci\u00f3n de los Consejos de Ministros, para la unificaci\u00f3n en la tarea diaria y en el logro permanente del trabajo que se elabora en este [&hellip;]<\/p>\n","protected":false},"author":1,"featured_media":18974,"comment_status":"open","ping_status":"open","sticky":false,"template":"","format":"standard","meta":{"footnotes":""},"categories":[18,7],"tags":[117,558,539],"class_list":["post-18973","post","type-post","status-publish","format-standard","has-post-thumbnail","hentry","category-noticias-principales","category-notas-de-prensa","tag-celac","tag-consejos","tag-ministros"],"_links":{"self":[{"href":"https:\/\/prensapresidencialvenezuela.gob.ve\/index.php\/wp-json\/wp\/v2\/posts\/18973","targetHints":{"allow":["GET"]}}],"collection":[{"href":"https:\/\/prensapresidencialvenezuela.gob.ve\/index.php\/wp-json\/wp\/v2\/posts"}],"about":[{"href":"https:\/\/prensapresidencialvenezuela.gob.ve\/index.php\/wp-json\/wp\/v2\/types\/post"}],"author":[{"embeddable":true,"href":"https:\/\/prensapresidencialvenezuela.gob.ve\/index.php\/wp-json\/wp\/v2\/users\/1"}],"replies":[{"embeddable":true,"href":"https:\/\/prensapresidencialvenezuela.gob.ve\/index.php\/wp-json\/wp\/v2\/comments?post=18973"}],"version-history":[{"count":1,"href":"https:\/\/prensapresidencialvenezuela.gob.ve\/index.php\/wp-json\/wp\/v2\/posts\/18973\/revisions"}],"predecessor-version":[{"id":18975,"href":"https:\/\/prensapresidencialvenezuela.gob.ve\/index.php\/wp-json\/wp\/v2\/posts\/18973\/revisions\/18975"}],"wp:featuredmedia":[{"embeddable":true,"href":"https:\/\/prensapresidencialvenezuela.gob.ve\/index.php\/wp-json\/wp\/v2\/media\/18974"}],"wp:attachment":[{"href":"https:\/\/prensapresidencialvenezuela.gob.ve\/index.php\/wp-json\/wp\/v2\/media?parent=18973"}],"wp:term":[{"taxonomy":"category","embeddable":true,"href":"https:\/\/prensapresidencialvenezuela.gob.ve\/index.php\/wp-json\/wp\/v2\/categories?post=18973"},{"taxonomy":"post_tag","embeddable":true,"href":"https:\/\/prensapresidencialvenezuela.gob.ve\/index.php\/wp-json\/wp\/v2\/tags?post=18973"}],"curies":[{"name":"wp","href":"https:\/\/api.w.org\/{rel}","templated":true}]}}