{"id":18976,"date":"2025-04-09T18:06:56","date_gmt":"2025-04-09T22:06:56","guid":{"rendered":"https:\/\/prensapresidencialvenezuela.gob.ve\/?p=18976"},"modified":"2025-04-09T18:06:58","modified_gmt":"2025-04-09T22:06:58","slug":"presidente-maduro-propone-un-nuevo-enfoque-de-trabajo-colaborativo-en-la-celac","status":"publish","type":"post","link":"https:\/\/prensapresidencialvenezuela.gob.ve\/index.php\/2025\/04\/09\/presidente-maduro-propone-un-nuevo-enfoque-de-trabajo-colaborativo-en-la-celac\/","title":{"rendered":"Presidente Maduro propone un nuevo enfoque de trabajo colaborativo en la CELAC"},"content":{"rendered":"\n<p><strong>Palacio de Miraflores, Caracas.-<\/strong> En el marco de la IX cumbre de la Comunidad de Estados Latinoamericanos y Caribe\u00f1os (CELAC), el presidente de la Rep\u00fablica Bolivariana de Venezuela, Nicol\u00e1s Maduro, destac\u00f3 la importancia de la colaboraci\u00f3n entre los pa\u00edses miembros, al tiempo que celebr\u00f3 la asunci\u00f3n de Colombia a la presidencia del organismo.<\/p>\n\n\n\n<p>Durante su intervenci\u00f3n, Maduro sugiri\u00f3 al Gobierno de Colombia, que asume la Presidencia <em>Pro Tempore<\/em> del organismo: \u00ab[Este, de] manera innovadora pudiera comenzar a fijar una pauta de temas de trabajo permanente\u00bb.<\/p>\n\n\n\n<p>El Mandatario venezolano enfatiz\u00f3 la necesidad de establecer un espacio de consulta constante entre los l\u00edderes de la regi\u00f3n.<\/p>\n\n\n\n<p>En este espacio, destac\u00f3: \u00abLos presidentes, primeros ministros, jefes de gobiernos y jefe de Estados, fu\u00e9ramos consultados y participar de manera permanente, por lo menos cada dos meses en videoconferencias, para atender temas de inter\u00e9s vital de nuestra regi\u00f3n y de este mundo que se est\u00e1 moviendo de manera tan acelerada\u00bb.<\/p>\n\n\n\n<p>El &nbsp;Dignatario nacional resalt\u00f3 en su mensaje: \u00abSon muchas cosas que podemos hacer para reinventar\u00bb, as\u00ed como la cooperaci\u00f3n en la CELAC.<\/p>\n\n\n\n<p>Inst\u00f3 a los l\u00edderes a trabajar juntos para enfrentar los desaf\u00edos actuales y futuros que afectan a Latinoam\u00e9rica y el Caribe.<\/p>\n\n\n\n<p><strong>&nbsp;Prensa Presidencial \/ Eduardo Hueck<\/strong><\/p>\n","protected":false},"excerpt":{"rendered":"<p>Palacio de Miraflores, Caracas.- En el marco de la IX cumbre de la Comunidad de Estados Latinoamericanos y Caribe\u00f1os (CELAC), el presidente de la Rep\u00fablica Bolivariana de Venezuela, Nicol\u00e1s Maduro, destac\u00f3 la importancia de la colaboraci\u00f3n entre los pa\u00edses miembros, al tiempo que celebr\u00f3 la asunci\u00f3n de Colombia a la presidencia del organismo. Durante su [&hellip;]<\/p>\n","protected":false},"author":1,"featured_media":18977,"comment_status":"open","ping_status":"open","sticky":false,"template":"","format":"standard","meta":{"footnotes":""},"categories":[18,7],"tags":[117,619,1619],"class_list":["post-18976","post","type-post","status-publish","format-standard","has-post-thumbnail","hentry","category-noticias-principales","category-notas-de-prensa","tag-celac","tag-cooperacion","tag-propuesta"],"_links":{"self":[{"href":"https:\/\/prensapresidencialvenezuela.gob.ve\/index.php\/wp-json\/wp\/v2\/posts\/18976","targetHints":{"allow":["GET"]}}],"collection":[{"href":"https:\/\/prensapresidencialvenezuela.gob.ve\/index.php\/wp-json\/wp\/v2\/posts"}],"about":[{"href":"https:\/\/prensapresidencialvenezuela.gob.ve\/index.php\/wp-json\/wp\/v2\/types\/post"}],"author":[{"embeddable":true,"href":"https:\/\/prensapresidencialvenezuela.gob.ve\/index.php\/wp-json\/wp\/v2\/users\/1"}],"replies":[{"embeddable":true,"href":"https:\/\/prensapresidencialvenezuela.gob.ve\/index.php\/wp-json\/wp\/v2\/comments?post=18976"}],"version-history":[{"count":1,"href":"https:\/\/prensapresidencialvenezuela.gob.ve\/index.php\/wp-json\/wp\/v2\/posts\/18976\/revisions"}],"predecessor-version":[{"id":18978,"href":"https:\/\/prensapresidencialvenezuela.gob.ve\/index.php\/wp-json\/wp\/v2\/posts\/18976\/revisions\/18978"}],"wp:featuredmedia":[{"embeddable":true,"href":"https:\/\/prensapresidencialvenezuela.gob.ve\/index.php\/wp-json\/wp\/v2\/media\/18977"}],"wp:attachment":[{"href":"https:\/\/prensapresidencialvenezuela.gob.ve\/index.php\/wp-json\/wp\/v2\/media?parent=18976"}],"wp:term":[{"taxonomy":"category","embeddable":true,"href":"https:\/\/prensapresidencialvenezuela.gob.ve\/index.php\/wp-json\/wp\/v2\/categories?post=18976"},{"taxonomy":"post_tag","embeddable":true,"href":"https:\/\/prensapresidencialvenezuela.gob.ve\/index.php\/wp-json\/wp\/v2\/tags?post=18976"}],"curies":[{"name":"wp","href":"https:\/\/api.w.org\/{rel}","templated":true}]}}