{"id":18979,"date":"2025-04-09T18:11:26","date_gmt":"2025-04-09T22:11:26","guid":{"rendered":"https:\/\/prensapresidencialvenezuela.gob.ve\/?p=18979"},"modified":"2025-04-09T18:11:28","modified_gmt":"2025-04-09T22:11:28","slug":"agresiones-de-caracter-civilizatorio-y-economico-amenazan-a-los-pueblos","status":"publish","type":"post","link":"https:\/\/prensapresidencialvenezuela.gob.ve\/index.php\/2025\/04\/09\/agresiones-de-caracter-civilizatorio-y-economico-amenazan-a-los-pueblos\/","title":{"rendered":"Agresiones de car\u00e1cter civilizatorio y econ\u00f3mico amenazan a los pueblos"},"content":{"rendered":"\n<p><strong>Palacio de Miraflores, Caracas.- <\/strong>Durante su intervenci\u00f3n en la IX cumbre de la Comunidad de Estados Latinoamericanos y Caribe\u00f1os (CELAC), el presidente de Venezuela, Nicol\u00e1s Maduro, denunci\u00f3 que el mundo enfrenta dos agresiones, una de car\u00e1cter civilizatorio y otro en lo econ\u00f3mico.<\/p>\n\n\n\n<p>\u00abDos agresiones, una de car\u00e1cter econ\u00f3mico, al derecho, al desarrollo, la prosperidad de nuestros pa\u00edses y una de car\u00e1cter humano, civilizatorio, contra nuestros migrantes\u00bb, explic\u00f3.<\/p>\n\n\n\n<p>Durante sus palabras en esta Cumbre, tambi\u00e9n se refiri\u00f3 a las agresiones que enfrenta la regi\u00f3n al indicar: \u00abHoy nosotros somos v\u00edctima, el Sur Global, nuestra regi\u00f3n latinoamericana y caribe\u00f1a y nuestros pueblos, de una agresi\u00f3n multiforme\u00bb.<\/p>\n\n\n\n<p>En su discurso, destac\u00f3 las sanciones impuestas a naciones como Cuba, Nicaragua y Venezuela, describi\u00e9ndolas como \u00abmedidas coercitivas, unilaterales, criminales, contra nuestra econom\u00eda y la vida social de nuestros pa\u00edses\u00bb.<\/p>\n\n\n\n<p>El Presidente venezolano tambi\u00e9n hizo menci\u00f3n sobre a la \u00abguerra comercial econ\u00f3mica arancelaria contra 180 pa\u00edses del mundo\u00bb, al se\u00f1alar que esta situaci\u00f3n podr\u00eda marcar \u00abel fin de la globalizaci\u00f3n occidental\u00bb.<\/p>\n\n\n\n<p>Asimismo, subray\u00f3: \u00abQueda herido de muerte el derecho comercial, econ\u00f3mico, internacional p\u00fablico\u00bb, as\u00ed como los acuerdos bilaterales y multilaterales en materia de comercio.<\/p>\n\n\n\n<p>\u00abHa quedado sepultado, bajo los misiles de la guerra arancelaria, la Organizaci\u00f3n Mundial de Comercio\u00bb, sentenci\u00f3.<\/p>\n\n\n\n<p>Adem\u00e1s, el Mandatario denunci\u00f3 lo que calific\u00f3 como \u00abla agresi\u00f3n civilizatoria m\u00e1s grave desde la \u00e9poca del fascismo y del nazismo\u00bb, contra los migrantes en Estados Unidos.<\/p>\n\n\n\n<p>\u00ab(&#8230;) Denunciamos desde Venezuela la aplicaci\u00f3n de una ley contraria al derecho p\u00fablico y a los derechos humanos a nivel internacional, como la Ley Contra Enemigos Extranjeros de 1798\u00bb, detall\u00f3, al tiempo que explic\u00f3 que esta ley permite la persecuci\u00f3n y captura de migrantes para ser expulsados y enviados a sufrir condiciones inhumanas en campos de concentraci\u00f3n en El Salvador.<\/p>\n\n\n\n<p>Con estas declaraciones, Venezuela resalta la urgencia de abordar estas agresiones, que afectan tanto a la econom\u00eda como a los derechos humanos en la regi\u00f3n.<\/p>\n\n\n\n<p><strong>Prensa Presidencial\/Eduardo Hueck<\/strong><\/p>\n","protected":false},"excerpt":{"rendered":"<p>Palacio de Miraflores, Caracas.- Durante su intervenci\u00f3n en la IX cumbre de la Comunidad de Estados Latinoamericanos y Caribe\u00f1os (CELAC), el presidente de Venezuela, Nicol\u00e1s Maduro, denunci\u00f3 que el mundo enfrenta dos agresiones, una de car\u00e1cter civilizatorio y otro en lo econ\u00f3mico. \u00abDos agresiones, una de car\u00e1cter econ\u00f3mico, al derecho, al desarrollo, la prosperidad de [&hellip;]<\/p>\n","protected":false},"author":1,"featured_media":18980,"comment_status":"open","ping_status":"open","sticky":false,"template":"","format":"standard","meta":{"footnotes":""},"categories":[18,7],"tags":[1450,1140,963],"class_list":["post-18979","post","type-post","status-publish","format-standard","has-post-thumbnail","hentry","category-noticias-principales","category-notas-de-prensa","tag-agresiones","tag-amenazas","tag-pueblos"],"_links":{"self":[{"href":"https:\/\/prensapresidencialvenezuela.gob.ve\/index.php\/wp-json\/wp\/v2\/posts\/18979","targetHints":{"allow":["GET"]}}],"collection":[{"href":"https:\/\/prensapresidencialvenezuela.gob.ve\/index.php\/wp-json\/wp\/v2\/posts"}],"about":[{"href":"https:\/\/prensapresidencialvenezuela.gob.ve\/index.php\/wp-json\/wp\/v2\/types\/post"}],"author":[{"embeddable":true,"href":"https:\/\/prensapresidencialvenezuela.gob.ve\/index.php\/wp-json\/wp\/v2\/users\/1"}],"replies":[{"embeddable":true,"href":"https:\/\/prensapresidencialvenezuela.gob.ve\/index.php\/wp-json\/wp\/v2\/comments?post=18979"}],"version-history":[{"count":1,"href":"https:\/\/prensapresidencialvenezuela.gob.ve\/index.php\/wp-json\/wp\/v2\/posts\/18979\/revisions"}],"predecessor-version":[{"id":18981,"href":"https:\/\/prensapresidencialvenezuela.gob.ve\/index.php\/wp-json\/wp\/v2\/posts\/18979\/revisions\/18981"}],"wp:featuredmedia":[{"embeddable":true,"href":"https:\/\/prensapresidencialvenezuela.gob.ve\/index.php\/wp-json\/wp\/v2\/media\/18980"}],"wp:attachment":[{"href":"https:\/\/prensapresidencialvenezuela.gob.ve\/index.php\/wp-json\/wp\/v2\/media?parent=18979"}],"wp:term":[{"taxonomy":"category","embeddable":true,"href":"https:\/\/prensapresidencialvenezuela.gob.ve\/index.php\/wp-json\/wp\/v2\/categories?post=18979"},{"taxonomy":"post_tag","embeddable":true,"href":"https:\/\/prensapresidencialvenezuela.gob.ve\/index.php\/wp-json\/wp\/v2\/tags?post=18979"}],"curies":[{"name":"wp","href":"https:\/\/api.w.org\/{rel}","templated":true}]}}