{"id":18982,"date":"2025-04-09T18:16:43","date_gmt":"2025-04-09T22:16:43","guid":{"rendered":"https:\/\/prensapresidencialvenezuela.gob.ve\/?p=18982"},"modified":"2025-04-09T18:16:44","modified_gmt":"2025-04-09T22:16:44","slug":"una-voz-comun-y-un-bloque-cohesionado-es-necesario-para-enfrentar-los-ataques-imperiales","status":"publish","type":"post","link":"https:\/\/prensapresidencialvenezuela.gob.ve\/index.php\/2025\/04\/09\/una-voz-comun-y-un-bloque-cohesionado-es-necesario-para-enfrentar-los-ataques-imperiales\/","title":{"rendered":"Una voz com\u00fan y un bloque cohesionado es necesario para enfrentar los ataques imperiales"},"content":{"rendered":"\n<p><strong>Palacio de Miraflores, Caracas.- <\/strong>En un momento crucial para Am\u00e9rica Latina y el Caribe, el presidente de Venezuela, Nicol\u00e1s Maduro, destac\u00f3 la importancia de la unidad en la Comunidad de Estados Latinoamericanos y Caribe\u00f1os (CELAC), durante su intervenci\u00f3n en la IX Cumbre celebrada en Honduras.<\/p>\n\n\n\n<p>En su discurso, subray\u00f3 que solo a trav\u00e9s de una voz com\u00fan y un bloque cohesionado, se podr\u00e1n enfrentar las agresiones econ\u00f3micas y sociales que afectan a la regi\u00f3n.<\/p>\n\n\n\n<p>\u00ab\u00bfCu\u00e1nto puede hacer la CELAC si levantamos una voz com\u00fan? Es tiempo de dejar atr\u00e1s las divisiones e impulsar acciones conjuntas\u00bb, subray\u00f3.<\/p>\n\n\n\n<p>El Mandatario tambi\u00e9n inst\u00f3 a los l\u00edderes de la Regi\u00f3n a trabajar unidos para garantizar el desarrollo y la prosperidad de sus naciones, e hizo un llamado a dejar de lado las divisiones que han intentado imponer fuerzas externas.<\/p>\n\n\n\n<p>\u00abHan tratado de dividirnos para que uno opine contra el otro y otro no opine nada, para que nos callemos y cada quien vaya por su lado a negociar y conversar en silencio, individualmente\u00bb, denunci\u00f3.<\/p>\n\n\n\n<p>&nbsp;Ante esta situaci\u00f3n, inst\u00f3 a los l\u00edderes de la regi\u00f3n a \u00ablevantar y construir una sola voz\u00bb, al enfatizar: \u00abEs tiempo, hay tiempo para ello\u00bb.<\/p>\n\n\n\n<p>Las palabras del presidente Nicol\u00e1s Maduro son en referencia a las dos agresiones que enfrenta la regi\u00f3n y el mundo, las cuales tienen que ver: \u00abuna de car\u00e1cter econ\u00f3mico, al derecho, al desarrollo, la prosperidad de nuestros pa\u00edses y otra de car\u00e1cter humano, civilizatorio, contra nuestros migrantes\u00bb, se\u00f1al\u00f3.<\/p>\n\n\n\n<p><strong>Prensa Presidencial \/ Eduardo Hueck<\/strong><\/p>\n","protected":false},"excerpt":{"rendered":"<p>Palacio de Miraflores, Caracas.- En un momento crucial para Am\u00e9rica Latina y el Caribe, el presidente de Venezuela, Nicol\u00e1s Maduro, destac\u00f3 la importancia de la unidad en la Comunidad de Estados Latinoamericanos y Caribe\u00f1os (CELAC), durante su intervenci\u00f3n en la IX Cumbre celebrada en Honduras. En su discurso, subray\u00f3 que solo a trav\u00e9s de una [&hellip;]<\/p>\n","protected":false},"author":1,"featured_media":18983,"comment_status":"open","ping_status":"open","sticky":false,"template":"","format":"standard","meta":{"footnotes":""},"categories":[18,7],"tags":[1074,117,1544,717],"class_list":["post-18982","post","type-post","status-publish","format-standard","has-post-thumbnail","hentry","category-noticias-principales","category-notas-de-prensa","tag-ataques","tag-celac","tag-imperio","tag-voz"],"_links":{"self":[{"href":"https:\/\/prensapresidencialvenezuela.gob.ve\/index.php\/wp-json\/wp\/v2\/posts\/18982","targetHints":{"allow":["GET"]}}],"collection":[{"href":"https:\/\/prensapresidencialvenezuela.gob.ve\/index.php\/wp-json\/wp\/v2\/posts"}],"about":[{"href":"https:\/\/prensapresidencialvenezuela.gob.ve\/index.php\/wp-json\/wp\/v2\/types\/post"}],"author":[{"embeddable":true,"href":"https:\/\/prensapresidencialvenezuela.gob.ve\/index.php\/wp-json\/wp\/v2\/users\/1"}],"replies":[{"embeddable":true,"href":"https:\/\/prensapresidencialvenezuela.gob.ve\/index.php\/wp-json\/wp\/v2\/comments?post=18982"}],"version-history":[{"count":1,"href":"https:\/\/prensapresidencialvenezuela.gob.ve\/index.php\/wp-json\/wp\/v2\/posts\/18982\/revisions"}],"predecessor-version":[{"id":18984,"href":"https:\/\/prensapresidencialvenezuela.gob.ve\/index.php\/wp-json\/wp\/v2\/posts\/18982\/revisions\/18984"}],"wp:featuredmedia":[{"embeddable":true,"href":"https:\/\/prensapresidencialvenezuela.gob.ve\/index.php\/wp-json\/wp\/v2\/media\/18983"}],"wp:attachment":[{"href":"https:\/\/prensapresidencialvenezuela.gob.ve\/index.php\/wp-json\/wp\/v2\/media?parent=18982"}],"wp:term":[{"taxonomy":"category","embeddable":true,"href":"https:\/\/prensapresidencialvenezuela.gob.ve\/index.php\/wp-json\/wp\/v2\/categories?post=18982"},{"taxonomy":"post_tag","embeddable":true,"href":"https:\/\/prensapresidencialvenezuela.gob.ve\/index.php\/wp-json\/wp\/v2\/tags?post=18982"}],"curies":[{"name":"wp","href":"https:\/\/api.w.org\/{rel}","templated":true}]}}