{"id":18985,"date":"2025-04-09T18:22:07","date_gmt":"2025-04-09T22:22:07","guid":{"rendered":"https:\/\/prensapresidencialvenezuela.gob.ve\/?p=18985"},"modified":"2025-04-09T18:22:09","modified_gmt":"2025-04-09T22:22:09","slug":"la-unidad-en-la-diversidad-de-los-pueblos-es-clave-para-construir-un-futuro-de-libertad-verdadera","status":"publish","type":"post","link":"https:\/\/prensapresidencialvenezuela.gob.ve\/index.php\/2025\/04\/09\/la-unidad-en-la-diversidad-de-los-pueblos-es-clave-para-construir-un-futuro-de-libertad-verdadera\/","title":{"rendered":"La unidad en la diversidad de los pueblos es clave para construir un futuro de libertad verdadera"},"content":{"rendered":"\n<p><strong>Palacio de Miraflores, Caracas.- <\/strong>Durante su intervenci\u00f3n en la IX Cumbre de la Comunidad de Estados Latinoamericanos y Caribe\u00f1os (CELAC), celebrada en Honduras, el presidente de Venezuela, Nicol\u00e1s Maduro, hizo un ferviente llamado a la unidad entre los pa\u00edses de la regi\u00f3n.<\/p>\n\n\n\n<p>En su discurso, enfatiz\u00f3 la necesidad de \u00abun solo pensamiento, una sola doctrina verdaderamente libertaria, independentista, para construir un destino com\u00fan\u00bb.<\/p>\n\n\n\n<p>\u00abUn\u00e1monos, es posible la uni\u00f3n en la diversidad\u00bb, inst\u00f3 el presidente Maduro, quien abog\u00f3 por avanzar juntos hacia un futuro marcado por \u00abautodeterminaci\u00f3n con soberan\u00eda, con libertad verdadera\u00bb.<\/p>\n\n\n\n<p>Asimismo, indic\u00f3 que es fundamental establecer una \u00abbase econ\u00f3mica, social y moral poderosa, que sea el preludio de una nueva \u00e9poca, no de una colonizaci\u00f3n nueva, y no de esclavismo\u00bb.<\/p>\n\n\n\n<p>El Mandatario venezolano rechaz\u00f3 cualquier idea de regresar a un \u00abnuevo coloniaje [o] nuevo esclavismo\u00bb. Subray\u00f3: \u00abLa \u00fanica opci\u00f3n es avanzar unidos por una emancipaci\u00f3n verdadera\u00bb.<\/p>\n\n\n\n<p>En este sentido, dirigi\u00f3 su mensaje a los jefes de Estado y de Gobierno presentes, y detall\u00f3: \u00abVenezuela siempre est\u00e1 a la orden de la construcci\u00f3n de nuestra poderosa Comunidad de Estados Latinoamericanos y Caribe\u00f1os\u00bb.<\/p>\n\n\n\n<p><strong>\u00abNada tenemos que esperar sino de nosotros mismos\u00bb<\/strong><\/p>\n\n\n\n<p>El presidente Maduro tambi\u00e9n record\u00f3 las palabras del gran libertador uruguayo, Jos\u00e9 Gervasio Artigas, quien en 1816 sostuvo: \u00abNada tenemos que esperar sino de nosotros mismos\u00bb y reiter\u00f3 esta idea al decir: \u00abHoy repetimos desde Venezuela: \u201cnada debemos esperar sino de nosotros mismos, latinoamericano, latinoamericana, las y los caribe\u00f1os\u201d\u00bb.<\/p>\n\n\n\n<p>En esa l\u00ednea, a\u00f1adi\u00f3, al hacer alusi\u00f3n a la historia de lucha por la independencia en Am\u00e9rica Latina, una cita del Libertador Sim\u00f3n Bol\u00edvar, cuando se dirigi\u00f3 a los jefes de ej\u00e9rcitos de no esperar nada del Imperio espa\u00f1ol.<\/p>\n\n\n\n<p>\u00abLa prudencia aconseja que no esperemos nada de Espa\u00f1a ni fijemos nuestra suerte sino a nuestras propias fuerzas\u00bb, evoc\u00f3.<\/p>\n\n\n\n<p>Durante este mensaje en esta cita internacional, el Dignatario extendi\u00f3 sus felicitaciones al \u00abGobierno de Colombia por la asunci\u00f3n de su Presidencia <em>Pro-Tempore<\/em> y esperamos que sigamos avanzando a buen paso en la construcci\u00f3n de un Am\u00e9rica Latina y un Caribe unido, en paz y en libertad\u00bb.<\/p>\n\n\n\n<p><strong>Prensa Presidencial \/ Eduardo Hueck<\/strong><\/p>\n","protected":false},"excerpt":{"rendered":"<p>Palacio de Miraflores, Caracas.- Durante su intervenci\u00f3n en la IX Cumbre de la Comunidad de Estados Latinoamericanos y Caribe\u00f1os (CELAC), celebrada en Honduras, el presidente de Venezuela, Nicol\u00e1s Maduro, hizo un ferviente llamado a la unidad entre los pa\u00edses de la regi\u00f3n. En su discurso, enfatiz\u00f3 la necesidad de \u00abun solo pensamiento, una sola doctrina [&hellip;]<\/p>\n","protected":false},"author":1,"featured_media":18986,"comment_status":"open","ping_status":"open","sticky":false,"template":"","format":"standard","meta":{"footnotes":""},"categories":[18,7],"tags":[117,1620,1023,479],"class_list":["post-18985","post","type-post","status-publish","format-standard","has-post-thumbnail","hentry","category-noticias-principales","category-notas-de-prensa","tag-celac","tag-clave","tag-libertad","tag-unidad"],"_links":{"self":[{"href":"https:\/\/prensapresidencialvenezuela.gob.ve\/index.php\/wp-json\/wp\/v2\/posts\/18985","targetHints":{"allow":["GET"]}}],"collection":[{"href":"https:\/\/prensapresidencialvenezuela.gob.ve\/index.php\/wp-json\/wp\/v2\/posts"}],"about":[{"href":"https:\/\/prensapresidencialvenezuela.gob.ve\/index.php\/wp-json\/wp\/v2\/types\/post"}],"author":[{"embeddable":true,"href":"https:\/\/prensapresidencialvenezuela.gob.ve\/index.php\/wp-json\/wp\/v2\/users\/1"}],"replies":[{"embeddable":true,"href":"https:\/\/prensapresidencialvenezuela.gob.ve\/index.php\/wp-json\/wp\/v2\/comments?post=18985"}],"version-history":[{"count":1,"href":"https:\/\/prensapresidencialvenezuela.gob.ve\/index.php\/wp-json\/wp\/v2\/posts\/18985\/revisions"}],"predecessor-version":[{"id":18987,"href":"https:\/\/prensapresidencialvenezuela.gob.ve\/index.php\/wp-json\/wp\/v2\/posts\/18985\/revisions\/18987"}],"wp:featuredmedia":[{"embeddable":true,"href":"https:\/\/prensapresidencialvenezuela.gob.ve\/index.php\/wp-json\/wp\/v2\/media\/18986"}],"wp:attachment":[{"href":"https:\/\/prensapresidencialvenezuela.gob.ve\/index.php\/wp-json\/wp\/v2\/media?parent=18985"}],"wp:term":[{"taxonomy":"category","embeddable":true,"href":"https:\/\/prensapresidencialvenezuela.gob.ve\/index.php\/wp-json\/wp\/v2\/categories?post=18985"},{"taxonomy":"post_tag","embeddable":true,"href":"https:\/\/prensapresidencialvenezuela.gob.ve\/index.php\/wp-json\/wp\/v2\/tags?post=18985"}],"curies":[{"name":"wp","href":"https:\/\/api.w.org\/{rel}","templated":true}]}}