{"id":18988,"date":"2025-04-09T19:25:06","date_gmt":"2025-04-09T23:25:06","guid":{"rendered":"https:\/\/prensapresidencialvenezuela.gob.ve\/?p=18988"},"modified":"2025-04-09T19:25:38","modified_gmt":"2025-04-09T23:25:38","slug":"venezuela-fue-respaldada-en-cumbre-de-la-celac-en-honduras","status":"publish","type":"post","link":"https:\/\/prensapresidencialvenezuela.gob.ve\/index.php\/2025\/04\/09\/venezuela-fue-respaldada-en-cumbre-de-la-celac-en-honduras\/","title":{"rendered":"Venezuela fue respaldada en Cumbre de la CELAC en Honduras"},"content":{"rendered":"\n<p><strong>Palacio de Miraflores, Caracas.-<\/strong> En el marco de la IX Cumbre de la Comunidad de Estados Latinoamericanos y Caribe\u00f1os (CELAC), celebrada en la Rep\u00fablica de Honduras, los l\u00edderes de la regi\u00f3n expresaron su firme apoyo a la Rep\u00fablica Bolivariana de Venezuela ante las sanciones econ\u00f3micas impuestas por Estados Unidos y la creciente agresi\u00f3n en contra de los migrantes venezolanos.<\/p>\n\n\n\n<p>A trav\u00e9s de un compromiso colectivo, los jefes y jefas de Estado reafirmaron la importancia de la unidad latinoamericana como pilar fundamental ante las adversidades internacionales.<\/p>\n\n\n\n<p><strong>Un llamado a la soberan\u00eda y los Derechos Humanos<\/strong><\/p>\n\n\n\n<p>La &nbsp;presidenta de la Rep\u00fablica de Honduras, Xiomara Castro Sarmiento, destac\u00f3 la lucha del pueblo venezolano manifestando: \u201cReconocemos los derechos del pueblo Bolivariano de Venezuela por su lucha de independencia y soberan\u00eda.\u201d<\/p>\n\n\n\n<p>En ese sentido, la presidenta Castro enfatiz\u00f3 la necesidad de priorizar la paz y la justicia social frente a un modelo neoliberal que ha minado los cimientos econ\u00f3micos de numerosas naciones latinoamericanas.<\/p>\n\n\n\n<p>Al referirse a las repercusiones del intervencionismo estadounidense, subray\u00f3: \u201cEl modelo neoliberal de Washington ha acabado con nuestras econom\u00edas\u201d, haciendo un llamado a la integraci\u00f3n y solidaridad entre los pueblos de Am\u00e9rica Latina en estos tiempos de crisis.<\/p>\n\n\n\n<p><strong>La migraci\u00f3n como cuesti\u00f3n colectiva<\/strong><\/p>\n\n\n\n<p>Por su parte el presidente de la Rep\u00fablica de Colombia, Gustavo Petro, hizo eco del clamor por una soluci\u00f3n colectiva a la crisis migratoria, advirtiendo sobre la deshumanizaci\u00f3n de los migrantes.<\/p>\n\n\n\n<p>\u201cLos migrantes no son criminales y no deben llegar encadenados\u201d, indic\u00f3, a\u00f1adiendo que este enfoque opresor debe ser rechazado en favor de la dignidad humana. Petro subray\u00f3 que la cooperaci\u00f3n y la ayuda mutua son esenciales para enfrentar los retos migratorios, instando a las naciones a unirse en pro de una agenda com\u00fan.<\/p>\n\n\n\n<p><strong>Un mensaje de esperanza desde M\u00e9xico<\/strong><\/p>\n\n\n\n<p>Tambi\u00e9n Claudia Sheinbaum Pardo, presidenta de los Estados Unidos Mexicanos, se uni\u00f3 a esta voz de solidaridad, afirmando que los migrantes son h\u00e9roes y hero\u00ednasque sostienen tanto a M\u00e9xico como a la econom\u00eda estadounidense.<\/p>\n\n\n\n<p>&nbsp;En\u00e9rgicamente, rechaz\u00f3 las sanciones que afectan el bienestar de los pueblos: \u201cNo al bloqueo a Cuba. No al bloqueo a Venezuela.\u201d<\/p>\n\n\n\n<p><strong>La Importancia de la Unidad regional<\/strong><\/p>\n\n\n\n<p>El Mandatario de Cuba, Miguel D\u00edaz Canel Berm\u00fadez, respald\u00f3 este llamado a la unidad, destacando: \u201cEnfrentar la migraci\u00f3n con reclusi\u00f3n amenaza la paz de la regi\u00f3n.\u201d<\/p>\n\n\n\n<p>En su discurso, inst\u00f3 a los pa\u00edses a pronunciarse en una sola voz en los foros internacionales para fortalecer la cooperaci\u00f3n y la solidaridad regional.<\/p>\n\n\n\n<p><strong>Superar desaf\u00edos: La visi\u00f3n de Brasil y Bolivia<\/strong><\/p>\n\n\n\n<p>Luis In\u00e1cio Lula da Silva, presidente de la Rep\u00fablica Federativa de Brasil, enfatiz\u00f3 que Am\u00e9rica Latina y el Caribe se enfrentan a uno de los momentos m\u00e1s cr\u00edticos de su historia, y que deben dejar de lado las diferencias para unirse ante la injerencia de las grandes potencias.<\/p>\n\n\n\n<p>En la misma l\u00ednea, Luis Alberto Arce Catacora, presidente del Estado Plurinacional de Bolivia, critic\u00f3 el proteccionismo estadounidense que amenaza la econom\u00eda regional, sugiriendo que estas medidas no resolver\u00e1n la crisis, sino que la agravar\u00edan.<\/p>\n\n\n\n<p>La IX Cumbre de la CELAC reafirm\u00f3 el papel fundamental de la solidaridad en la creaci\u00f3n de un futuro donde los derechos humanos y la dignidad sean prioridad. Ante el contexto global adverso, Am\u00e9rica Latina se erige como un faro de esperanza y unidad, buscando caminos comunes que permitan un desarrollo justo y equitativo para todos sus pueblos.<\/p>\n\n\n\n<p>La lucha por la soberan\u00eda y la justicia social sigue siendo la bandera que une a los pa\u00edses miembros en la defensa de aquellos que m\u00e1s lo necesitan.<\/p>\n\n\n\n<p><strong>Prensa Presidencial\/ Luis Tavera<\/strong><\/p>\n","protected":false},"excerpt":{"rendered":"<p>Palacio de Miraflores, Caracas.- En el marco de la IX Cumbre de la Comunidad de Estados Latinoamericanos y Caribe\u00f1os (CELAC), celebrada en la Rep\u00fablica de Honduras, los l\u00edderes de la regi\u00f3n expresaron su firme apoyo a la Rep\u00fablica Bolivariana de Venezuela ante las sanciones econ\u00f3micas impuestas por Estados Unidos y la creciente agresi\u00f3n en contra [&hellip;]<\/p>\n","protected":false},"author":1,"featured_media":18989,"comment_status":"open","ping_status":"open","sticky":false,"template":"","format":"standard","meta":{"footnotes":""},"categories":[18,7],"tags":[117,843,628,20],"class_list":["post-18988","post","type-post","status-publish","format-standard","has-post-thumbnail","hentry","category-noticias-principales","category-notas-de-prensa","tag-celac","tag-paises","tag-respaldo","tag-venezuela"],"_links":{"self":[{"href":"https:\/\/prensapresidencialvenezuela.gob.ve\/index.php\/wp-json\/wp\/v2\/posts\/18988","targetHints":{"allow":["GET"]}}],"collection":[{"href":"https:\/\/prensapresidencialvenezuela.gob.ve\/index.php\/wp-json\/wp\/v2\/posts"}],"about":[{"href":"https:\/\/prensapresidencialvenezuela.gob.ve\/index.php\/wp-json\/wp\/v2\/types\/post"}],"author":[{"embeddable":true,"href":"https:\/\/prensapresidencialvenezuela.gob.ve\/index.php\/wp-json\/wp\/v2\/users\/1"}],"replies":[{"embeddable":true,"href":"https:\/\/prensapresidencialvenezuela.gob.ve\/index.php\/wp-json\/wp\/v2\/comments?post=18988"}],"version-history":[{"count":1,"href":"https:\/\/prensapresidencialvenezuela.gob.ve\/index.php\/wp-json\/wp\/v2\/posts\/18988\/revisions"}],"predecessor-version":[{"id":18990,"href":"https:\/\/prensapresidencialvenezuela.gob.ve\/index.php\/wp-json\/wp\/v2\/posts\/18988\/revisions\/18990"}],"wp:featuredmedia":[{"embeddable":true,"href":"https:\/\/prensapresidencialvenezuela.gob.ve\/index.php\/wp-json\/wp\/v2\/media\/18989"}],"wp:attachment":[{"href":"https:\/\/prensapresidencialvenezuela.gob.ve\/index.php\/wp-json\/wp\/v2\/media?parent=18988"}],"wp:term":[{"taxonomy":"category","embeddable":true,"href":"https:\/\/prensapresidencialvenezuela.gob.ve\/index.php\/wp-json\/wp\/v2\/categories?post=18988"},{"taxonomy":"post_tag","embeddable":true,"href":"https:\/\/prensapresidencialvenezuela.gob.ve\/index.php\/wp-json\/wp\/v2\/tags?post=18988"}],"curies":[{"name":"wp","href":"https:\/\/api.w.org\/{rel}","templated":true}]}}