{"id":18994,"date":"2025-04-10T17:45:33","date_gmt":"2025-04-10T21:45:33","guid":{"rendered":"https:\/\/prensapresidencialvenezuela.gob.ve\/?p=18994"},"modified":"2025-04-10T17:46:13","modified_gmt":"2025-04-10T21:46:13","slug":"presidente-maduro-visita-la-comuna-guaicamacuto-bicentenario-en-el-sector-el-limon","status":"publish","type":"post","link":"https:\/\/prensapresidencialvenezuela.gob.ve\/index.php\/2025\/04\/10\/presidente-maduro-visita-la-comuna-guaicamacuto-bicentenario-en-el-sector-el-limon\/","title":{"rendered":"Presidente Maduro visita la Comuna Guaicamacuto Bicentenario, en el sector El Lim\u00f3n"},"content":{"rendered":"\n<p>Carretera Caracas &#8211; La Guiara<strong>.-<\/strong> Este jueves, el presidente de la Rep\u00fablica Bolivariana de Venezuela, Nicol\u00e1s Maduro, realiz\u00f3 una visita a la Comuna Guaicamacuto Bicentenario, para verificar los trabajos que ha ejecutado el Poder Popular desde las Comunas.<\/p>\n\n\n\n<p>Durante la actividad, el jefe de Estado realiz\u00f3 un recorrido en el sector, donde residen m\u00e1s de 65 mil habitantes; quienes cuentan con un Infocentro, un Centro Diagn\u00f3stico Integral (CDI), un Simoncito, una unidad socio productiva, que est\u00e1 distribuida en abastos comunales y un llenadero de productos de limpieza.<\/p>\n\n\n\n<p>Esta Comuna tambi\u00e9n cuenta con \u00e1reas de recreaci\u00f3n para los ni\u00f1os y ni\u00f1as del lugar, tales como: parque infantil y una cancha deportiva, y todo ha sido recuperado, basado en la T n\u00famero cuatro de la revoluci\u00f3n social, para el bienestar de los habitantes de las comunidades, en una estrategia que tambi\u00e9n busca afianzar los valores del Socialismo Bolivariano.<\/p>\n\n\n\n<p>En esa l\u00ednea, es de inter\u00e9s mencionar que en el CDI se llev\u00f3 a cabo un trabajo de rehabilitaci\u00f3n al 100 % de todas las \u00e1reas, como: salas de consultas, ocho camas en el \u00e1rea de hospitalizaci\u00f3n y atenci\u00f3n m\u00e9dica, laboratorio, farmacia, quir\u00f3fano, y pr\u00f3ximamente estar\u00e1n habilitando los espacios para pediatr\u00eda y oftalmolog\u00eda.<\/p>\n\n\n\n<p>Este centro m\u00e9dico integral cuenta con 57 m\u00e9dicos, cubanos y venezolanos, adem\u00e1s de enfermeras y enfermeros con experiencia en las diferentes especialidades m\u00e9dicas.<\/p>\n\n\n\n<p>Esta comunidad ha trabajado sujeta a la 5T (Quinta Transformaci\u00f3n) del plan de las 7T, el cual se presenta como un eje fundamental para fortalecer las estructuras del Poder Popular, garantizando que las comunidades organizadas tengan un papel protag\u00f3nico en la toma de decisiones y la gesti\u00f3n de los recursos.<\/p>\n\n\n\n<p>La mencionada transformaci\u00f3n tiene el objetivo de eliminar a los intermediarios y asegurar que los recursos lleguen directamente a las bases de las Comunas, y de esta manera afianzar el rol de estas instancias, as\u00ed como los consejos comunales y otras formas de organizaci\u00f3n popular.<\/p>\n\n\n\n<p><strong>Prensa Presidencial\/ Irmary D\u00edaz<\/strong><\/p>\n","protected":false},"excerpt":{"rendered":"<p>Carretera Caracas &#8211; La Guiara.- Este jueves, el presidente de la Rep\u00fablica Bolivariana de Venezuela, Nicol\u00e1s Maduro, realiz\u00f3 una visita a la Comuna Guaicamacuto Bicentenario, para verificar los trabajos que ha ejecutado el Poder Popular desde las Comunas. Durante la actividad, el jefe de Estado realiz\u00f3 un recorrido en el sector, donde residen m\u00e1s de [&hellip;]<\/p>\n","protected":false},"author":1,"featured_media":18995,"comment_status":"open","ping_status":"open","sticky":false,"template":"","format":"standard","meta":{"footnotes":""},"categories":[18,7],"tags":[81,1621,677],"class_list":["post-18994","post","type-post","status-publish","format-standard","has-post-thumbnail","hentry","category-noticias-principales","category-notas-de-prensa","tag-comuna","tag-ellimon","tag-visita"],"_links":{"self":[{"href":"https:\/\/prensapresidencialvenezuela.gob.ve\/index.php\/wp-json\/wp\/v2\/posts\/18994","targetHints":{"allow":["GET"]}}],"collection":[{"href":"https:\/\/prensapresidencialvenezuela.gob.ve\/index.php\/wp-json\/wp\/v2\/posts"}],"about":[{"href":"https:\/\/prensapresidencialvenezuela.gob.ve\/index.php\/wp-json\/wp\/v2\/types\/post"}],"author":[{"embeddable":true,"href":"https:\/\/prensapresidencialvenezuela.gob.ve\/index.php\/wp-json\/wp\/v2\/users\/1"}],"replies":[{"embeddable":true,"href":"https:\/\/prensapresidencialvenezuela.gob.ve\/index.php\/wp-json\/wp\/v2\/comments?post=18994"}],"version-history":[{"count":2,"href":"https:\/\/prensapresidencialvenezuela.gob.ve\/index.php\/wp-json\/wp\/v2\/posts\/18994\/revisions"}],"predecessor-version":[{"id":18997,"href":"https:\/\/prensapresidencialvenezuela.gob.ve\/index.php\/wp-json\/wp\/v2\/posts\/18994\/revisions\/18997"}],"wp:featuredmedia":[{"embeddable":true,"href":"https:\/\/prensapresidencialvenezuela.gob.ve\/index.php\/wp-json\/wp\/v2\/media\/18995"}],"wp:attachment":[{"href":"https:\/\/prensapresidencialvenezuela.gob.ve\/index.php\/wp-json\/wp\/v2\/media?parent=18994"}],"wp:term":[{"taxonomy":"category","embeddable":true,"href":"https:\/\/prensapresidencialvenezuela.gob.ve\/index.php\/wp-json\/wp\/v2\/categories?post=18994"},{"taxonomy":"post_tag","embeddable":true,"href":"https:\/\/prensapresidencialvenezuela.gob.ve\/index.php\/wp-json\/wp\/v2\/tags?post=18994"}],"curies":[{"name":"wp","href":"https:\/\/api.w.org\/{rel}","templated":true}]}}