{"id":19004,"date":"2025-04-10T18:27:47","date_gmt":"2025-04-10T22:27:47","guid":{"rendered":"https:\/\/prensapresidencialvenezuela.gob.ve\/?p=19004"},"modified":"2025-04-10T18:27:47","modified_gmt":"2025-04-10T22:27:47","slug":"100-de-los-proyectos-para-la-consulta-popular-del-27-de-abril-estan-registrados-por-las-comunas","status":"publish","type":"post","link":"https:\/\/prensapresidencialvenezuela.gob.ve\/index.php\/2025\/04\/10\/100-de-los-proyectos-para-la-consulta-popular-del-27-de-abril-estan-registrados-por-las-comunas\/","title":{"rendered":"100% de los proyectos para la Consulta Popular del 27 de abril est\u00e1n registrados por las Comunas"},"content":{"rendered":"\n<p><strong>Carretera Caracas-La Guaira.-<\/strong> El 100 % de los proyectos para Consulta Popular del 27 de abril ya est\u00e1n registrados por las Comunas, inform\u00f3 el presidente de la Rep\u00fablica Bolivariana de Venezuela, Nicol\u00e1s Maduro.<\/p>\n\n\n\n<p>Durante su visita a la Comuna Guaicamacuto Bicentenario Lim\u00f3n Nuevo D\u00eda, donde constat\u00f3 los trabajos que ha ejecutado el Poder Popular desde este lugar, el Mandatario sum\u00f3 un llamado para que el 27 de abril el pueblo salga a votar por sus proyectos.<\/p>\n\n\n\n<p>En alusi\u00f3n a la importancia de aglutinar a toda la comunidad, bajo la premisa de la uni\u00f3n desde las bases, el jefe de Estado destac\u00f3 sus experiencias en el territorio, por lo que manifest\u00f3 que en la actualidad Venezuela cuenta con buenos referentes como l\u00edderes y lideresas del pueblo.<\/p>\n\n\n\n<p>Atribuy\u00f3 al sentimiento de entrega con el pueblo, el que los l\u00edderes y lideresas de base se hagan indestructibles ante cualquier imperio. Sostuvo que su experiencia pol\u00edtica, precisamente naci\u00f3 de las comunidades.<\/p>\n\n\n\n<p>\u00abLa fuerza popular es la fuerza de Venezuela y alg\u00fan d\u00eda ser\u00e1 el camino de la humanidad. El camino de los humildes, de los sencillos (\u2026)\u00bb, dijo con esperanza el Dignatario nacional.<\/p>\n\n\n\n<p>En un vigoroso discurso, en el que resalt\u00f3 la importancia de ejercer la pol\u00edtica p\u00fablica junto al pueblo, cit\u00f3 a Cristo. \u00ab\u00c9l vino a dejar un mensaje muy poderoso de humildad y sacrificio, y lleg\u00f3 a tener un mensaje contra quienes explotan a los pueblos\u00bb, expres\u00f3.<\/p>\n\n\n\n<p>Haciendo referencia a esa premisa, subray\u00f3 que esa es la lucha. \u00abEsa es la lucha nuestra, para que sea humana la humanidad\u00bb, puntualiz\u00f3 el Mandatario nacional.<\/p>\n\n\n\n<p><strong>Prensa Presidencial \/ Ana\u00eds P\u00e9rez<\/strong><\/p>\n","protected":false},"excerpt":{"rendered":"<p>Carretera Caracas-La Guaira.- El 100 % de los proyectos para Consulta Popular del 27 de abril ya est\u00e1n registrados por las Comunas, inform\u00f3 el presidente de la Rep\u00fablica Bolivariana de Venezuela, Nicol\u00e1s Maduro. Durante su visita a la Comuna Guaicamacuto Bicentenario Lim\u00f3n Nuevo D\u00eda, donde constat\u00f3 los trabajos que ha ejecutado el Poder Popular desde [&hellip;]<\/p>\n","protected":false},"author":1,"featured_media":19005,"comment_status":"open","ping_status":"open","sticky":false,"template":"","format":"standard","meta":{"footnotes":""},"categories":[18,7],"tags":[80,1623,560],"class_list":["post-19004","post","type-post","status-publish","format-standard","has-post-thumbnail","hentry","category-noticias-principales","category-notas-de-prensa","tag-comunas","tag-consulta-popular","tag-proyectos"],"_links":{"self":[{"href":"https:\/\/prensapresidencialvenezuela.gob.ve\/index.php\/wp-json\/wp\/v2\/posts\/19004","targetHints":{"allow":["GET"]}}],"collection":[{"href":"https:\/\/prensapresidencialvenezuela.gob.ve\/index.php\/wp-json\/wp\/v2\/posts"}],"about":[{"href":"https:\/\/prensapresidencialvenezuela.gob.ve\/index.php\/wp-json\/wp\/v2\/types\/post"}],"author":[{"embeddable":true,"href":"https:\/\/prensapresidencialvenezuela.gob.ve\/index.php\/wp-json\/wp\/v2\/users\/1"}],"replies":[{"embeddable":true,"href":"https:\/\/prensapresidencialvenezuela.gob.ve\/index.php\/wp-json\/wp\/v2\/comments?post=19004"}],"version-history":[{"count":1,"href":"https:\/\/prensapresidencialvenezuela.gob.ve\/index.php\/wp-json\/wp\/v2\/posts\/19004\/revisions"}],"predecessor-version":[{"id":19006,"href":"https:\/\/prensapresidencialvenezuela.gob.ve\/index.php\/wp-json\/wp\/v2\/posts\/19004\/revisions\/19006"}],"wp:featuredmedia":[{"embeddable":true,"href":"https:\/\/prensapresidencialvenezuela.gob.ve\/index.php\/wp-json\/wp\/v2\/media\/19005"}],"wp:attachment":[{"href":"https:\/\/prensapresidencialvenezuela.gob.ve\/index.php\/wp-json\/wp\/v2\/media?parent=19004"}],"wp:term":[{"taxonomy":"category","embeddable":true,"href":"https:\/\/prensapresidencialvenezuela.gob.ve\/index.php\/wp-json\/wp\/v2\/categories?post=19004"},{"taxonomy":"post_tag","embeddable":true,"href":"https:\/\/prensapresidencialvenezuela.gob.ve\/index.php\/wp-json\/wp\/v2\/tags?post=19004"}],"curies":[{"name":"wp","href":"https:\/\/api.w.org\/{rel}","templated":true}]}}