{"id":19007,"date":"2025-04-10T18:31:19","date_gmt":"2025-04-10T22:31:19","guid":{"rendered":"https:\/\/prensapresidencialvenezuela.gob.ve\/?p=19007"},"modified":"2025-04-10T18:31:20","modified_gmt":"2025-04-10T22:31:20","slug":"cerca-del-80-de-salas-de-autogobierno-popular-se-encuentran-instaladas-en-el-pais","status":"publish","type":"post","link":"https:\/\/prensapresidencialvenezuela.gob.ve\/index.php\/2025\/04\/10\/cerca-del-80-de-salas-de-autogobierno-popular-se-encuentran-instaladas-en-el-pais\/","title":{"rendered":"Cerca del 80 % de Salas de Autogobierno Popular se encuentran instaladas en el pa\u00eds"},"content":{"rendered":"\n<p><strong>Carretera Caracas-La Guaira.- <\/strong>Cerca del 80 % de Salas de Autogobierno Popular se encuentran instaladas a escala nacional, destac\u00f3 el presidente de la Rep\u00fablica Bolivariana de Venezuela, Nicol\u00e1s Maduro, desde la Comuna Guaicamacuto Bicentenario Lim\u00f3n Nuevo D\u00eda, ubicada en la carretera Caracas -La Guiara.<\/p>\n\n\n\n<p>\u00abMuy pronto vamos a tener el 100 % al pa\u00eds conectado con equipos de trabajo\u00bb, como parte del Plan de las 7 Transformaciones 2025-2031.<\/p>\n\n\n\n<p>\u00abEste es el camino Bol\u00edvar \u2013 Ch\u00e1vez y Maduro y el pueblo, es un proceso hist\u00f3rico y tenemos las ideas claras\u00bb, expres\u00f3.<\/p>\n\n\n\n<p>El Mandatario destac\u00f3 que tiene que ser el plan m\u00e1s completo, al sostener que ya ha sido el m\u00e1s consultado, toda vez que cuatro millones de venezolanos participaron proponiendo y debatiendo temas alusivos a este proyecto.&nbsp;<\/p>\n\n\n\n<p>Subray\u00f3 que los 5 358 Circuitos Comunales deben tener este plan en las universidades, estudi\u00e1ndolo, comprendi\u00e9ndolo y ampli\u00e1ndolo en la pr\u00e1ctica.<\/p>\n\n\n\n<p>En esa l\u00ednea, se\u00f1al\u00f3 que el pueblo debe ir a votar por sus proyectos en 5 358 Circuitos Comunales, rumbo a las 6 mil Comunas, y que \u00abpara eso es muy importante la calidad, la formaci\u00f3n, profesionalizar toda la labor, mejorar los equipos de trabajo y consolidar las Salas de Autogobierno Popular\u00bb.<\/p>\n\n\n\n<p><strong>Prensa Presidencial \/ Ana\u00eds P\u00e9rez<\/strong><\/p>\n","protected":false},"excerpt":{"rendered":"<p>Carretera Caracas-La Guaira.- Cerca del 80 % de Salas de Autogobierno Popular se encuentran instaladas a escala nacional, destac\u00f3 el presidente de la Rep\u00fablica Bolivariana de Venezuela, Nicol\u00e1s Maduro, desde la Comuna Guaicamacuto Bicentenario Lim\u00f3n Nuevo D\u00eda, ubicada en la carretera Caracas -La Guiara. \u00abMuy pronto vamos a tener el 100 % al pa\u00eds conectado [&hellip;]<\/p>\n","protected":false},"author":1,"featured_media":19008,"comment_status":"open","ping_status":"open","sticky":false,"template":"","format":"standard","meta":{"footnotes":""},"categories":[18,7],"tags":[1309,1551,1308],"class_list":["post-19007","post","type-post","status-publish","format-standard","has-post-thumbnail","hentry","category-noticias-principales","category-notas-de-prensa","tag-autogobierno","tag-instalacion","tag-salas"],"_links":{"self":[{"href":"https:\/\/prensapresidencialvenezuela.gob.ve\/index.php\/wp-json\/wp\/v2\/posts\/19007","targetHints":{"allow":["GET"]}}],"collection":[{"href":"https:\/\/prensapresidencialvenezuela.gob.ve\/index.php\/wp-json\/wp\/v2\/posts"}],"about":[{"href":"https:\/\/prensapresidencialvenezuela.gob.ve\/index.php\/wp-json\/wp\/v2\/types\/post"}],"author":[{"embeddable":true,"href":"https:\/\/prensapresidencialvenezuela.gob.ve\/index.php\/wp-json\/wp\/v2\/users\/1"}],"replies":[{"embeddable":true,"href":"https:\/\/prensapresidencialvenezuela.gob.ve\/index.php\/wp-json\/wp\/v2\/comments?post=19007"}],"version-history":[{"count":1,"href":"https:\/\/prensapresidencialvenezuela.gob.ve\/index.php\/wp-json\/wp\/v2\/posts\/19007\/revisions"}],"predecessor-version":[{"id":19009,"href":"https:\/\/prensapresidencialvenezuela.gob.ve\/index.php\/wp-json\/wp\/v2\/posts\/19007\/revisions\/19009"}],"wp:featuredmedia":[{"embeddable":true,"href":"https:\/\/prensapresidencialvenezuela.gob.ve\/index.php\/wp-json\/wp\/v2\/media\/19008"}],"wp:attachment":[{"href":"https:\/\/prensapresidencialvenezuela.gob.ve\/index.php\/wp-json\/wp\/v2\/media?parent=19007"}],"wp:term":[{"taxonomy":"category","embeddable":true,"href":"https:\/\/prensapresidencialvenezuela.gob.ve\/index.php\/wp-json\/wp\/v2\/categories?post=19007"},{"taxonomy":"post_tag","embeddable":true,"href":"https:\/\/prensapresidencialvenezuela.gob.ve\/index.php\/wp-json\/wp\/v2\/tags?post=19007"}],"curies":[{"name":"wp","href":"https:\/\/api.w.org\/{rel}","templated":true}]}}