{"id":19010,"date":"2025-04-10T18:35:33","date_gmt":"2025-04-10T22:35:33","guid":{"rendered":"https:\/\/prensapresidencialvenezuela.gob.ve\/?p=19010"},"modified":"2025-04-10T18:36:29","modified_gmt":"2025-04-10T22:36:29","slug":"an-iniciara-debate-de-la-ley-organica-del-plan-de-la-patria-de-las-7-transformaciones-el-22-de-abril","status":"publish","type":"post","link":"https:\/\/prensapresidencialvenezuela.gob.ve\/index.php\/2025\/04\/10\/an-iniciara-debate-de-la-ley-organica-del-plan-de-la-patria-de-las-7-transformaciones-el-22-de-abril\/","title":{"rendered":"AN iniciar\u00e1 debate de la Ley Org\u00e1nica del Plan de la Patria de las 7 Transformaciones el 22 de abril"},"content":{"rendered":"\n<p><strong>Carretera Caracas &#8211; La Guiara.- <\/strong>El d\u00eda martes 22 de abril, la Asamblea Nacional (AN) \u00abentra a debatir y a aprobar la Ley Org\u00e1nica del Plan de la Patria de las 7 Transformaciones, rumbo al futuro 2025-2031, para que sea ley de la Rep\u00fablica Bolivariana de Venezuela\u00bb.<\/p>\n\n\n\n<p>La informaci\u00f3n la dio a conocer el presidente de la Rep\u00fablica Bolivariana de Venezuela, desde la Comuna Guaicamacuto Bicentenario Lim\u00f3n Nuevo D\u00eda, ubicada en la carretera Caracas \u2013 La Guaira.<\/p>\n\n\n\n<p>\u00abLey de todos, de todas, plan de todos. Nunca antes esto lo hab\u00edamos logrado con tanta calidad, con tanto conocimiento, este es el socialismo cient\u00edfico\u00bb, resalt\u00f3 el jefe de Estado venezolano.<\/p>\n\n\n\n<p>\u00abTenemos que seguir apoyando el Poder Popular\u00bb, dijo desde el lugar, donde constat\u00f3 los avances del trabajo que hace la comunidad, para el reforzamientos de sus proyectos en el territorio.<\/p>\n\n\n\n<p>En este contexto, el Dignatario manifest\u00f3 que se ha conseguido el camino correcto. \u00abTenemos la fuerza y el manto sagrado de Nuestro Se\u00f1or Jesucristo. Llevamos el estandarte de los ej\u00e9rcitos unidos libertadores de Am\u00e9rica. Ustedes son hijos e hijas del comandante Hugo Ch\u00e1vez Fr\u00edas\u00bb, dijo a los presentes.<\/p>\n\n\n\n<p><strong>Prensa Presidencial \/ Ana\u00eds P\u00e9rez<\/strong><\/p>\n","protected":false},"excerpt":{"rendered":"<p>Carretera Caracas &#8211; La Guiara.- El d\u00eda martes 22 de abril, la Asamblea Nacional (AN) \u00abentra a debatir y a aprobar la Ley Org\u00e1nica del Plan de la Patria de las 7 Transformaciones, rumbo al futuro 2025-2031, para que sea ley de la Rep\u00fablica Bolivariana de Venezuela\u00bb. La informaci\u00f3n la dio a conocer el presidente [&hellip;]<\/p>\n","protected":false},"author":1,"featured_media":19011,"comment_status":"open","ping_status":"open","sticky":false,"template":"","format":"standard","meta":{"footnotes":""},"categories":[18,7],"tags":[689,92,515,553,565],"class_list":["post-19010","post","type-post","status-publish","format-standard","has-post-thumbnail","hentry","category-noticias-principales","category-notas-de-prensa","tag-7t","tag-an","tag-ley","tag-patria","tag-plan"],"_links":{"self":[{"href":"https:\/\/prensapresidencialvenezuela.gob.ve\/index.php\/wp-json\/wp\/v2\/posts\/19010","targetHints":{"allow":["GET"]}}],"collection":[{"href":"https:\/\/prensapresidencialvenezuela.gob.ve\/index.php\/wp-json\/wp\/v2\/posts"}],"about":[{"href":"https:\/\/prensapresidencialvenezuela.gob.ve\/index.php\/wp-json\/wp\/v2\/types\/post"}],"author":[{"embeddable":true,"href":"https:\/\/prensapresidencialvenezuela.gob.ve\/index.php\/wp-json\/wp\/v2\/users\/1"}],"replies":[{"embeddable":true,"href":"https:\/\/prensapresidencialvenezuela.gob.ve\/index.php\/wp-json\/wp\/v2\/comments?post=19010"}],"version-history":[{"count":1,"href":"https:\/\/prensapresidencialvenezuela.gob.ve\/index.php\/wp-json\/wp\/v2\/posts\/19010\/revisions"}],"predecessor-version":[{"id":19012,"href":"https:\/\/prensapresidencialvenezuela.gob.ve\/index.php\/wp-json\/wp\/v2\/posts\/19010\/revisions\/19012"}],"wp:featuredmedia":[{"embeddable":true,"href":"https:\/\/prensapresidencialvenezuela.gob.ve\/index.php\/wp-json\/wp\/v2\/media\/19011"}],"wp:attachment":[{"href":"https:\/\/prensapresidencialvenezuela.gob.ve\/index.php\/wp-json\/wp\/v2\/media?parent=19010"}],"wp:term":[{"taxonomy":"category","embeddable":true,"href":"https:\/\/prensapresidencialvenezuela.gob.ve\/index.php\/wp-json\/wp\/v2\/categories?post=19010"},{"taxonomy":"post_tag","embeddable":true,"href":"https:\/\/prensapresidencialvenezuela.gob.ve\/index.php\/wp-json\/wp\/v2\/tags?post=19010"}],"curies":[{"name":"wp","href":"https:\/\/api.w.org\/{rel}","templated":true}]}}