{"id":19013,"date":"2025-04-10T18:43:11","date_gmt":"2025-04-10T22:43:11","guid":{"rendered":"https:\/\/prensapresidencialvenezuela.gob.ve\/?p=19013"},"modified":"2025-04-10T18:43:11","modified_gmt":"2025-04-10T22:43:11","slug":"presidente-maduro-llama-a-vencer-la-guerra-economica-producto-del-dolar-criminal","status":"publish","type":"post","link":"https:\/\/prensapresidencialvenezuela.gob.ve\/index.php\/2025\/04\/10\/presidente-maduro-llama-a-vencer-la-guerra-economica-producto-del-dolar-criminal\/","title":{"rendered":"Presidente Maduro llama a vencer la guerra econ\u00f3mica producto del d\u00f3lar criminal"},"content":{"rendered":"\n<p><strong>Carretera Caracas-La Guaira.- <\/strong>Durante un recorrido por el sector el Lim\u00f3n, en espacios recuperados por el Poder Popular, el presidente Nicol\u00e1s Maduro enfatiz\u00f3 la necesidad de \u00abmultiplicar las bodegas para que haya productos de calidad y al mejor precio para el pueblo [con el objetivo de] vencer la guerra econ\u00f3mica que quiere retomar la Sayona, Mar\u00eda Corina Machado, con el tema del d\u00f3lar criminal, del d\u00f3lar ladr\u00f3n\u00bb.<\/p>\n\n\n\n<p>En este sentido, el jefe de Estado record\u00f3: \u00abEsa guerra la vamos a ganar\u00bb, orientando al pueblo a la \u00abcalma y cordura, nervios de acero\u00bb, ante esta amenaza contra la econom\u00eda, y reiter\u00f3 \u00abLa guerra contra el d\u00f3lar de la Sayona, el d\u00f3lar criminal, la vamos a ganar otra vez\u00bb.<\/p>\n\n\n\n<p>El Mandatario tambi\u00e9n destac\u00f3 la importancia de las plantas potabilizadoras en las comunidades, al expresar su entusiasmo e instruir al ministro del Poder Popular de Comercio Nacional, Luis Villegas, a multiplicar este emprendimiento en las comunidades del pa\u00eds.<\/p>\n\n\n\n<p>\u00abMe encanta esto, Luis Villegas, quiero multiplicar este tipo de plantas en todos los barrios de Venezuela (\u2026), manejadas por una comuna, por una comunidad, por unos vecinos, por una juventud\u00bb, expres\u00f3.<\/p>\n\n\n\n<p>En ese sentido, reiter\u00f3 su instrucci\u00f3n al ministro Villegas a que le garantice la llegada de estas plantas a cada comunidad: \u00abCons\u00edgueme d\u00f3nde compramos esto. Si lo podemos hacer en Venezuela, lo hacemos\u00bb.<\/p>\n\n\n\n<p>Asimismo, en su recorrido, el Jefe de Estado hizo hincapi\u00e9 en la resistencia del pueblo venezolano, al subrayar: \u00abEsta es la fuerza por la cual jam\u00e1s van a poder con Venezuela. Hace 200 a\u00f1os nos toc\u00f3 montar a caballo, agarrar una lanza para liberarnos y liberar toda Sur Am\u00e9rica. Ahora vamos a liberar a Venezuela, produciendo\u00bb.<\/p>\n\n\n\n<p>En esa l\u00ednea, se dirigi\u00f3 a quienes buscan hacer mal al pueblo venezolano: \u00abAnte la soberbia del fara\u00f3n, ante la soberbia del emperador, ante la soberbia de Goliat, aqu\u00ed est\u00e1 David, aqu\u00ed estamos Mois\u00e9s, aqu\u00ed el pueblo de Bol\u00edvar\u00bb.<\/p>\n\n\n\n<p><strong>Prensa Presidencial \/ Eduardo Hueck<\/strong><\/p>\n","protected":false},"excerpt":{"rendered":"<p>Carretera Caracas-La Guaira.- Durante un recorrido por el sector el Lim\u00f3n, en espacios recuperados por el Poder Popular, el presidente Nicol\u00e1s Maduro enfatiz\u00f3 la necesidad de \u00abmultiplicar las bodegas para que haya productos de calidad y al mejor precio para el pueblo [con el objetivo de] vencer la guerra econ\u00f3mica que quiere retomar la Sayona, [&hellip;]<\/p>\n","protected":false},"author":1,"featured_media":19014,"comment_status":"open","ping_status":"open","sticky":false,"template":"","format":"standard","meta":{"footnotes":""},"categories":[18,7],"tags":[465,576],"class_list":["post-19013","post","type-post","status-publish","format-standard","has-post-thumbnail","hentry","category-noticias-principales","category-notas-de-prensa","tag-economia","tag-guerra"],"_links":{"self":[{"href":"https:\/\/prensapresidencialvenezuela.gob.ve\/index.php\/wp-json\/wp\/v2\/posts\/19013","targetHints":{"allow":["GET"]}}],"collection":[{"href":"https:\/\/prensapresidencialvenezuela.gob.ve\/index.php\/wp-json\/wp\/v2\/posts"}],"about":[{"href":"https:\/\/prensapresidencialvenezuela.gob.ve\/index.php\/wp-json\/wp\/v2\/types\/post"}],"author":[{"embeddable":true,"href":"https:\/\/prensapresidencialvenezuela.gob.ve\/index.php\/wp-json\/wp\/v2\/users\/1"}],"replies":[{"embeddable":true,"href":"https:\/\/prensapresidencialvenezuela.gob.ve\/index.php\/wp-json\/wp\/v2\/comments?post=19013"}],"version-history":[{"count":2,"href":"https:\/\/prensapresidencialvenezuela.gob.ve\/index.php\/wp-json\/wp\/v2\/posts\/19013\/revisions"}],"predecessor-version":[{"id":19016,"href":"https:\/\/prensapresidencialvenezuela.gob.ve\/index.php\/wp-json\/wp\/v2\/posts\/19013\/revisions\/19016"}],"wp:featuredmedia":[{"embeddable":true,"href":"https:\/\/prensapresidencialvenezuela.gob.ve\/index.php\/wp-json\/wp\/v2\/media\/19014"}],"wp:attachment":[{"href":"https:\/\/prensapresidencialvenezuela.gob.ve\/index.php\/wp-json\/wp\/v2\/media?parent=19013"}],"wp:term":[{"taxonomy":"category","embeddable":true,"href":"https:\/\/prensapresidencialvenezuela.gob.ve\/index.php\/wp-json\/wp\/v2\/categories?post=19013"},{"taxonomy":"post_tag","embeddable":true,"href":"https:\/\/prensapresidencialvenezuela.gob.ve\/index.php\/wp-json\/wp\/v2\/tags?post=19013"}],"curies":[{"name":"wp","href":"https:\/\/api.w.org\/{rel}","templated":true}]}}