{"id":19024,"date":"2025-04-11T15:54:46","date_gmt":"2025-04-11T19:54:46","guid":{"rendered":"https:\/\/prensapresidencialvenezuela.gob.ve\/?p=19024"},"modified":"2025-04-11T15:54:47","modified_gmt":"2025-04-11T19:54:47","slug":"jefe-de-estado-resalta-el-23-aniversario-del-contragolpe-popular-en-defensa-de-la-revolucion-bolivariana","status":"publish","type":"post","link":"https:\/\/prensapresidencialvenezuela.gob.ve\/index.php\/2025\/04\/11\/jefe-de-estado-resalta-el-23-aniversario-del-contragolpe-popular-en-defensa-de-la-revolucion-bolivariana\/","title":{"rendered":"Jefe de Estado resalta el 23 \u00b0 Aniversario del contragolpe popular en defensa de la Revoluci\u00f3n Bolivariana"},"content":{"rendered":"\n<p><strong>Palacio de Miraflores, Caracas<\/strong>.- En un contundente homenaje a los 23 a\u00f1os del golpe de Estado que sacudi\u00f3 a Venezuela y que marc\u00f3 el inicio de una lucha heroica contra el fascismo, el presidente de la Rep\u00fablica Bolivariana de Venezuela, Nicol\u00e1s Maduro, utiliz\u00f3 sus redes sociales para recordar la valent\u00eda del pueblo y las lecciones que a\u00fan resuenan en la memoria colectiva.<\/p>\n\n\n\n<p>\u00ab\u00a123 a\u00f1os!, del d\u00eda en el que le vimos la cara al fascismo, el golpe de Estado contra el comandante Ch\u00e1vez, orquestado por el imperialismo y los apellidos de la oligarqu\u00eda\u00bb, expres\u00f3 el presidente Maduro, reafirmando un compromiso inquebrantable con la Revoluci\u00f3n Bolivariana y los valores del Poder Popular.<\/p>\n\n\n\n<p>En sus palabras, destac\u00f3 la transformaci\u00f3n que vivi\u00f3 la sociedad venezolana en esos momentos cr\u00edticos: \u00ab\u00c9ramos otro pueblo, todav\u00eda muy inocente, se empezaban a gestar los nuevos valores, la nueva conciencia\u00bb.<\/p>\n\n\n\n<p>El Mandatario subray\u00f3 el mensaje de alerta que el comandante Ch\u00e1vez dej\u00f3 claro a los golpistas: \u00abEl comandante Ch\u00e1vez le dijo, una y otra vez, a la derecha que tom\u00f3 el camino golpista muy tempranito: \u201cNo subestimen al pueblo ni a los militares\u201d. Y lo hicieron, dieron su golpe de Estado, secuestr\u00e1ndolo y dando la orden de matarlo, pero recibieron un contragolpe popular\u00bb.<\/p>\n\n\n\n<p>Este reflejo de unidad y resistencia se ha convertido en un faro de esperanza, para las nuevas generaciones que luchan por la soberan\u00eda nacional.<\/p>\n\n\n\n<p>El Presidente tambi\u00e9n hizo un llamado a la memoria hist\u00f3rica, recordando que \u00abtodos tenemos recuerdos imborrables de ese 11 de abril\u00bb. Sin embargo, advirti\u00f3 sobre la necesidad de mantener viva la memoria de aquellos hechos que marcaron la historia de la naci\u00f3n: \u00abDebemos tener presente que hay una generaci\u00f3n que o no recuerda nada o tiene recuerdos borrosos\u00bb.<\/p>\n\n\n\n<p>Esta reflexi\u00f3n resalta la importancia de la comunicaci\u00f3n y la educaci\u00f3n en el proceso de formaci\u00f3n de la conciencia popular.<\/p>\n\n\n\n<p>El jefe de Estado destac\u00f3 que fue un golpe medi\u00e1tico, que busc\u00f3 justificar acciones de desestabilizaci\u00f3n y que, a pesar de la violencia, el pueblo mantuvo una firmeza indestructible, ya que \u00ablos militares que participaron en el plan del golpe de Estado contra el comandante Hugo Ch\u00e1vez, trabajaban para la misi\u00f3n militar norteamericana\u00bb.<\/p>\n\n\n\n<p>En este contexto, el presidente Maduro enfatiz\u00f3 la necesidad de un \u201cejercicio permanente para nutrir la conciencia hist\u00f3rica de todo el pueblo de Venezuela\u201d.<\/p>\n\n\n\n<p>Finalmente, el Mandatario concluy\u00f3 con un potente llamado a la acci\u00f3n: \u201cNunca m\u00e1s un golpe contra la Patria, nunca m\u00e1s\u201d.<\/p>\n\n\n\n<p>Este reconocimiento de un pasado que a\u00fan nos interroga busca inspirar a la juventud venezolana y reafirmar el camino de la Revoluci\u00f3n Bolivariana hacia un futuro en el que el pueblo sea el verdadero protagonista.<\/p>\n\n\n\n<p>La conmemoraci\u00f3n de esta efem\u00e9ride no s\u00f3lo evoca la heroica resistencia del pueblo sino que tambi\u00e9n nos recuerda la importancia de la unidad y la lucha continua en defensa de la soberan\u00eda y los logros alcanzados a lo largo de m\u00e1s de dos d\u00e9cadas de revoluci\u00f3n.<\/p>\n\n\n\n<p><strong>Prensa Presidencial\/ Luis Tavera<\/strong><\/p>\n","protected":false},"excerpt":{"rendered":"<p>Palacio de Miraflores, Caracas.- En un contundente homenaje a los 23 a\u00f1os del golpe de Estado que sacudi\u00f3 a Venezuela y que marc\u00f3 el inicio de una lucha heroica contra el fascismo, el presidente de la Rep\u00fablica Bolivariana de Venezuela, Nicol\u00e1s Maduro, utiliz\u00f3 sus redes sociales para recordar la valent\u00eda del pueblo y las lecciones [&hellip;]<\/p>\n","protected":false},"author":1,"featured_media":19025,"comment_status":"open","ping_status":"open","sticky":false,"template":"","format":"standard","meta":{"footnotes":""},"categories":[18,7],"tags":[1626,528,500],"class_list":["post-19024","post","type-post","status-publish","format-standard","has-post-thumbnail","hentry","category-noticias-principales","category-notas-de-prensa","tag-contragolpe","tag-defensa","tag-revolucion"],"_links":{"self":[{"href":"https:\/\/prensapresidencialvenezuela.gob.ve\/index.php\/wp-json\/wp\/v2\/posts\/19024","targetHints":{"allow":["GET"]}}],"collection":[{"href":"https:\/\/prensapresidencialvenezuela.gob.ve\/index.php\/wp-json\/wp\/v2\/posts"}],"about":[{"href":"https:\/\/prensapresidencialvenezuela.gob.ve\/index.php\/wp-json\/wp\/v2\/types\/post"}],"author":[{"embeddable":true,"href":"https:\/\/prensapresidencialvenezuela.gob.ve\/index.php\/wp-json\/wp\/v2\/users\/1"}],"replies":[{"embeddable":true,"href":"https:\/\/prensapresidencialvenezuela.gob.ve\/index.php\/wp-json\/wp\/v2\/comments?post=19024"}],"version-history":[{"count":1,"href":"https:\/\/prensapresidencialvenezuela.gob.ve\/index.php\/wp-json\/wp\/v2\/posts\/19024\/revisions"}],"predecessor-version":[{"id":19026,"href":"https:\/\/prensapresidencialvenezuela.gob.ve\/index.php\/wp-json\/wp\/v2\/posts\/19024\/revisions\/19026"}],"wp:featuredmedia":[{"embeddable":true,"href":"https:\/\/prensapresidencialvenezuela.gob.ve\/index.php\/wp-json\/wp\/v2\/media\/19025"}],"wp:attachment":[{"href":"https:\/\/prensapresidencialvenezuela.gob.ve\/index.php\/wp-json\/wp\/v2\/media?parent=19024"}],"wp:term":[{"taxonomy":"category","embeddable":true,"href":"https:\/\/prensapresidencialvenezuela.gob.ve\/index.php\/wp-json\/wp\/v2\/categories?post=19024"},{"taxonomy":"post_tag","embeddable":true,"href":"https:\/\/prensapresidencialvenezuela.gob.ve\/index.php\/wp-json\/wp\/v2\/tags?post=19024"}],"curies":[{"name":"wp","href":"https:\/\/api.w.org\/{rel}","templated":true}]}}