{"id":19027,"date":"2025-04-12T15:23:00","date_gmt":"2025-04-12T19:23:00","guid":{"rendered":"https:\/\/prensapresidencialvenezuela.gob.ve\/?p=19027"},"modified":"2025-04-12T15:23:14","modified_gmt":"2025-04-12T19:23:14","slug":"presidente-llama-a-candidatos-de-la-patria-a-desarrollar-una-campana-alegre-y-conectada-con-el-pueblo","status":"publish","type":"post","link":"https:\/\/prensapresidencialvenezuela.gob.ve\/index.php\/2025\/04\/12\/presidente-llama-a-candidatos-de-la-patria-a-desarrollar-una-campana-alegre-y-conectada-con-el-pueblo\/","title":{"rendered":"Presidente llama a candidatos de la Patria a desarrollar una campa\u00f1a alegre y conectada con el pueblo"},"content":{"rendered":"\n<p><strong>Palacio de Miraflores, Caracas.-<\/strong> A prop\u00f3sito de las pr\u00f3ximas elecciones de gobernadores y gobernadoras, el presidente de la Rep\u00fablica Bolivariana de Venezuela, Nicol\u00e1s Maduro, exhort\u00f3 a los candidatos y candidatos de la Patria, a desarrollar una campa\u00f1a alegre, colorida y profundamente conectada con el pueblo.<\/p>\n\n\n\n<p>En esa l\u00ednea, les env\u00edo un caluroso saludo a los postulados por el Gran Polo Patri\u00f3tico Sim\u00f3n Bol\u00edvar (GPPP), y a quienes en los estados M\u00e9rida, Gu\u00e1rico, T\u00e1chira, Monagas, Cojedes, Delta Amacuro, Trujillo, Miranda, Falc\u00f3n, Amazonas, Lara y Barinas, se activaron en esta campa\u00f1a, junto al pueblo.<\/p>\n\n\n\n<p>En este sentido, el jefe de Estado los felicit\u00f3 por el importante paso que han dado, en defensa de la Revoluci\u00f3n Bolivariana, adem\u00e1s de la conexi\u00f3n que est\u00e1n afianzando con el pueblo trabajador, los j\u00f3venes, las mujeres y todos los sectores que aportan en la construcci\u00f3n de la Patria de Ch\u00e1vez.<\/p>\n\n\n\n<p>\u00abSalgan al encuentro del pueblo,&nbsp; escuchen sus inquietudes y compartan sus sue\u00f1os, porque de esta manera seguiremos construyendo juntos un futuro de bienestar y justicia social\u00bb, asever\u00f3 el presidente Nicol\u00e1s Maduro.<\/p>\n\n\n\n<p>Reiter\u00f3 que ese futuro de justicia e igualdad social, se debe fortalecer de acuerdo con lo establecido en el Plan de la Patria, de las 7 Grandes Transformaciones 2025-2031.<\/p>\n\n\n\n<p>\u00abCon la fuerza de nuestra unidad, \u00a1la victoria nos pertenece! \u00a1Adelante!\u00bb, expres\u00f3 con gran fuerza el Mandatario Nacional, por la gran participaci\u00f3n pol\u00edtica que se vive en el pa\u00eds y que se demostrar\u00e1 con m\u00e1s auge, el pr\u00f3ximo 25 de mayo.&nbsp;<\/p>\n\n\n\n<p><strong>Prensa Presidencial\/ Irmary D\u00edaz<\/strong><\/p>\n\n\n\n<p><\/p>\n","protected":false},"excerpt":{"rendered":"<p>Palacio de Miraflores, Caracas.- A prop\u00f3sito de las pr\u00f3ximas elecciones de gobernadores y gobernadoras, el presidente de la Rep\u00fablica Bolivariana de Venezuela, Nicol\u00e1s Maduro, exhort\u00f3 a los candidatos y candidatos de la Patria, a desarrollar una campa\u00f1a alegre, colorida y profundamente conectada con el pueblo. En esa l\u00ednea, les env\u00edo un caluroso saludo a los [&hellip;]<\/p>\n","protected":false},"author":1,"featured_media":19028,"comment_status":"open","ping_status":"open","sticky":false,"template":"","format":"standard","meta":{"footnotes":""},"categories":[18,7],"tags":[19,27,20],"class_list":["post-19027","post","type-post","status-publish","format-standard","has-post-thumbnail","hentry","category-noticias-principales","category-notas-de-prensa","tag-nicolas-maduro","tag-revolucion-bolivariana","tag-venezuela"],"_links":{"self":[{"href":"https:\/\/prensapresidencialvenezuela.gob.ve\/index.php\/wp-json\/wp\/v2\/posts\/19027","targetHints":{"allow":["GET"]}}],"collection":[{"href":"https:\/\/prensapresidencialvenezuela.gob.ve\/index.php\/wp-json\/wp\/v2\/posts"}],"about":[{"href":"https:\/\/prensapresidencialvenezuela.gob.ve\/index.php\/wp-json\/wp\/v2\/types\/post"}],"author":[{"embeddable":true,"href":"https:\/\/prensapresidencialvenezuela.gob.ve\/index.php\/wp-json\/wp\/v2\/users\/1"}],"replies":[{"embeddable":true,"href":"https:\/\/prensapresidencialvenezuela.gob.ve\/index.php\/wp-json\/wp\/v2\/comments?post=19027"}],"version-history":[{"count":1,"href":"https:\/\/prensapresidencialvenezuela.gob.ve\/index.php\/wp-json\/wp\/v2\/posts\/19027\/revisions"}],"predecessor-version":[{"id":19029,"href":"https:\/\/prensapresidencialvenezuela.gob.ve\/index.php\/wp-json\/wp\/v2\/posts\/19027\/revisions\/19029"}],"wp:featuredmedia":[{"embeddable":true,"href":"https:\/\/prensapresidencialvenezuela.gob.ve\/index.php\/wp-json\/wp\/v2\/media\/19028"}],"wp:attachment":[{"href":"https:\/\/prensapresidencialvenezuela.gob.ve\/index.php\/wp-json\/wp\/v2\/media?parent=19027"}],"wp:term":[{"taxonomy":"category","embeddable":true,"href":"https:\/\/prensapresidencialvenezuela.gob.ve\/index.php\/wp-json\/wp\/v2\/categories?post=19027"},{"taxonomy":"post_tag","embeddable":true,"href":"https:\/\/prensapresidencialvenezuela.gob.ve\/index.php\/wp-json\/wp\/v2\/tags?post=19027"}],"curies":[{"name":"wp","href":"https:\/\/api.w.org\/{rel}","templated":true}]}}