{"id":19030,"date":"2025-04-12T15:22:28","date_gmt":"2025-04-12T19:22:28","guid":{"rendered":"https:\/\/prensapresidencialvenezuela.gob.ve\/?p=19030"},"modified":"2025-04-12T15:22:29","modified_gmt":"2025-04-12T19:22:29","slug":"tibisay-lucena-mujer-patriota-que-marco-la-construccion-de-un-sistema-electoral-impecable-y-de-transparencia-absoluta","status":"publish","type":"post","link":"https:\/\/prensapresidencialvenezuela.gob.ve\/index.php\/2025\/04\/12\/tibisay-lucena-mujer-patriota-que-marco-la-construccion-de-un-sistema-electoral-impecable-y-de-transparencia-absoluta\/","title":{"rendered":"Tibisay Lucena: Mujer patriota que marc\u00f3 la construcci\u00f3n de un sistema electoral impecable y de transparencia absoluta"},"content":{"rendered":"\n<p><strong>Palacio de Miraflores, Caracas.-<\/strong> A trav\u00e9s de la red social Instagram, el presidente de la Rep\u00fablica Bolivariana de Venezuela, Nicol\u00e1s Maduro Moros, resalt\u00f3 que Tibisay Lucena, quien fue rectora del Consejo Nacional Electoral (CNE), marc\u00f3 el funcionamiento institucional, la construcci\u00f3n de un sistema electoral impecable, de garant\u00edas pol\u00edticas y tecnol\u00f3gicas, de transparencia absoluta, con las que hoy cuenta Venezuela.<\/p>\n\n\n\n<p>Estas palabras fueron descritas en cuenta oficial @nicolasmaduro, por los dos (2) a\u00f1os de aquel d\u00eda en el que se dio a conocer sobre la partida f\u00edsica de Lucena, a quien refiri\u00f3 como una \u00ab una compa\u00f1era patriota, valiente, firme, dialogante y capaz de brillar por su luz e inteligencia\u00bb.<\/p>\n\n\n\n<p>La eterna rectora, como la nombr\u00f3 el jefe de Estado en el texto publicado, fungi\u00f3 por largos a\u00f1os como presidenta del CNE, y enalteci\u00f3 el valor y patriotismo de la mujer venezolana, al enfrentar campa\u00f1as fascistas, de odio, intolerancia, agresi\u00f3n moral, humana y pol\u00edtica.<\/p>\n\n\n\n<p>En este sentido, el Mandatario Nacional resalt\u00f3 que Lucena siempre se mostr\u00f3 con una sonrisa, con una energ\u00eda llena de serenidad, adem\u00e1s del gran aplomo que la caracterizaba; por lo que se\u00f1al\u00f3 que hoy en d\u00eda, \u00abdeja su ejemplo representado en su mirada llena de luz, de esperanza, y en su capacidad de construir y hacer, que es la gran autoexigencia que nosotros como gobernantes tenemos diariamente\u00bb.<\/p>\n\n\n\n<p>De acuerdo a lo antes mencionado, el Presidente subray\u00f3 que Lucena tambi\u00e9n dej\u00f3 su obra en el sistema universitario, mediante las mejoras pedag\u00f3gicas y tecnol\u00f3gicas, las cuales realiz\u00f3 cuando asumi\u00f3 diferentes responsabilidades en el sector de educaci\u00f3n superior.<\/p>\n\n\n\n<p>Honor y gloria eterna a Tibisay Lucena, \u00a1Que viva su esp\u00edritu inmortal, que viva su ejemplo y su legado!, exalt\u00f3 el presidente Nicol\u00e1s Maduro.<\/p>\n\n\n\n<p><strong>Prensa Presidencial\/Irmary D\u00edaz<\/strong><\/p>\n","protected":false},"excerpt":{"rendered":"<p>Palacio de Miraflores, Caracas.- A trav\u00e9s de la red social Instagram, el presidente de la Rep\u00fablica Bolivariana de Venezuela, Nicol\u00e1s Maduro Moros, resalt\u00f3 que Tibisay Lucena, quien fue rectora del Consejo Nacional Electoral (CNE), marc\u00f3 el funcionamiento institucional, la construcci\u00f3n de un sistema electoral impecable, de garant\u00edas pol\u00edticas y tecnol\u00f3gicas, de transparencia absoluta, con las [&hellip;]<\/p>\n","protected":false},"author":1,"featured_media":19031,"comment_status":"open","ping_status":"open","sticky":false,"template":"","format":"standard","meta":{"footnotes":""},"categories":[18,7],"tags":[30,19,20],"class_list":["post-19030","post","type-post","status-publish","format-standard","has-post-thumbnail","hentry","category-noticias-principales","category-notas-de-prensa","tag-destacado","tag-nicolas-maduro","tag-venezuela"],"_links":{"self":[{"href":"https:\/\/prensapresidencialvenezuela.gob.ve\/index.php\/wp-json\/wp\/v2\/posts\/19030","targetHints":{"allow":["GET"]}}],"collection":[{"href":"https:\/\/prensapresidencialvenezuela.gob.ve\/index.php\/wp-json\/wp\/v2\/posts"}],"about":[{"href":"https:\/\/prensapresidencialvenezuela.gob.ve\/index.php\/wp-json\/wp\/v2\/types\/post"}],"author":[{"embeddable":true,"href":"https:\/\/prensapresidencialvenezuela.gob.ve\/index.php\/wp-json\/wp\/v2\/users\/1"}],"replies":[{"embeddable":true,"href":"https:\/\/prensapresidencialvenezuela.gob.ve\/index.php\/wp-json\/wp\/v2\/comments?post=19030"}],"version-history":[{"count":1,"href":"https:\/\/prensapresidencialvenezuela.gob.ve\/index.php\/wp-json\/wp\/v2\/posts\/19030\/revisions"}],"predecessor-version":[{"id":19032,"href":"https:\/\/prensapresidencialvenezuela.gob.ve\/index.php\/wp-json\/wp\/v2\/posts\/19030\/revisions\/19032"}],"wp:featuredmedia":[{"embeddable":true,"href":"https:\/\/prensapresidencialvenezuela.gob.ve\/index.php\/wp-json\/wp\/v2\/media\/19031"}],"wp:attachment":[{"href":"https:\/\/prensapresidencialvenezuela.gob.ve\/index.php\/wp-json\/wp\/v2\/media?parent=19030"}],"wp:term":[{"taxonomy":"category","embeddable":true,"href":"https:\/\/prensapresidencialvenezuela.gob.ve\/index.php\/wp-json\/wp\/v2\/categories?post=19030"},{"taxonomy":"post_tag","embeddable":true,"href":"https:\/\/prensapresidencialvenezuela.gob.ve\/index.php\/wp-json\/wp\/v2\/tags?post=19030"}],"curies":[{"name":"wp","href":"https:\/\/api.w.org\/{rel}","templated":true}]}}