{"id":19087,"date":"2025-04-14T17:44:06","date_gmt":"2025-04-14T21:44:06","guid":{"rendered":"https:\/\/prensapresidencialvenezuela.gob.ve\/?p=19087"},"modified":"2025-04-14T17:44:06","modified_gmt":"2025-04-14T21:44:06","slug":"marcha-con-motivo-al-16o-aniversario-de-la-milicia-nacional-bolivariana-recibe-el-presidente-maduro-en-miraflores","status":"publish","type":"post","link":"https:\/\/prensapresidencialvenezuela.gob.ve\/index.php\/2025\/04\/14\/marcha-con-motivo-al-16o-aniversario-de-la-milicia-nacional-bolivariana-recibe-el-presidente-maduro-en-miraflores\/","title":{"rendered":"Marcha con motivo al 16\u00ba aniversario de la Milicia Nacional Bolivariana recibe el presidente Maduro en Miraflores"},"content":{"rendered":"\n<p><strong>Palacio de Miraflores, Caracas.-<\/strong> Como parte de las actividades que se realizan para conmemorar los 23 a\u00f1os de la derrota del golpe de Estado perpetrado por la oligarqu\u00eda y el imperialismo en contra del comandante Hugo Ch\u00e1vez, este lunes 14 de abril, la Milicia Nacional Bolivariana se moviliz\u00f3 en las calles de Caracas.<\/p>\n\n\n\n<p>La marcha parti\u00f3 desde las instalaciones del Cuartel de la Monta\u00f1a 4F, ubicado en la parroquia 23 de Enero, para llegar al Palacio de Miraflores, donde fue recibida por el presidente de la Rep\u00fablica y comandante en jefe la Fuerza Armada Nacional Bolivariana (FANB), Nicol\u00e1s Maduro.<\/p>\n\n\n\n<p>En abril de 2002, la rebeli\u00f3n popular rescat\u00f3 al comandante Ch\u00e1vez y devolvi\u00f3 el hilo constitucional a Venezuela, siendo la uni\u00f3n c\u00edvico-militar la clave para la defensa de la naci\u00f3n.<\/p>\n\n\n\n<p><strong>12 a\u00f1os de lealtad<\/strong><\/p>\n\n\n\n<p>En el 16\u00ba aniversario de la Milicia Nacional Bolivariana, estos hombres y mujeres combatientes, adem\u00e1s, celebran junto al pueblo venezolano, 12 a\u00f1os del triunfo del primer presidente chavista de Venezuela: Nicol\u00e1s Maduro Moros.<\/p>\n\n\n\n<p>Maduro Moros, en el a\u00f1o 2013 se midi\u00f3 en una jornada electoral que le dio la victoria con un 50.61 % de los sufragios, frente a su principal oponente inmediato.<\/p>\n\n\n\n<p>Este lunes, el presidente Maduro agradeci\u00f3, a trav\u00e9s de su canal oficial de <em>Telegram<\/em>, al pueblo bolivariano.<\/p>\n\n\n\n<p>Escribi\u00f3: \u00abAl pueblo generoso y consciente que le cumpli\u00f3 al Comandante Ch\u00e1vez\u00bb.<\/p>\n\n\n\n<p>Adem\u00e1s, record\u00f3 que en todos estos a\u00f1os ha sido leal, \u00ableal a mi juramento de preservar la Paz de Venezuela. Ante cada batalla, embestida y ataque, hemos salido victoriosos, m\u00e1s fuertes y comprometidos con la misi\u00f3n que tenemos de garantizar la m\u00e1xima felicidad suprema\u00bb.<\/p>\n\n\n\n<p><strong>Prensa Presidencial\/Eduardo Hueck<\/strong><\/p>\n","protected":false},"excerpt":{"rendered":"<p>Palacio de Miraflores, Caracas.- Como parte de las actividades que se realizan para conmemorar los 23 a\u00f1os de la derrota del golpe de Estado perpetrado por la oligarqu\u00eda y el imperialismo en contra del comandante Hugo Ch\u00e1vez, este lunes 14 de abril, la Milicia Nacional Bolivariana se moviliz\u00f3 en las calles de Caracas. La marcha [&hellip;]<\/p>\n","protected":false},"author":1,"featured_media":19088,"comment_status":"open","ping_status":"open","sticky":false,"template":"","format":"standard","meta":{"footnotes":""},"categories":[18,7],"tags":[492,547,1156],"class_list":["post-19087","post","type-post","status-publish","format-standard","has-post-thumbnail","hentry","category-noticias-principales","category-notas-de-prensa","tag-aniversario","tag-marcha","tag-milicia"],"_links":{"self":[{"href":"https:\/\/prensapresidencialvenezuela.gob.ve\/index.php\/wp-json\/wp\/v2\/posts\/19087","targetHints":{"allow":["GET"]}}],"collection":[{"href":"https:\/\/prensapresidencialvenezuela.gob.ve\/index.php\/wp-json\/wp\/v2\/posts"}],"about":[{"href":"https:\/\/prensapresidencialvenezuela.gob.ve\/index.php\/wp-json\/wp\/v2\/types\/post"}],"author":[{"embeddable":true,"href":"https:\/\/prensapresidencialvenezuela.gob.ve\/index.php\/wp-json\/wp\/v2\/users\/1"}],"replies":[{"embeddable":true,"href":"https:\/\/prensapresidencialvenezuela.gob.ve\/index.php\/wp-json\/wp\/v2\/comments?post=19087"}],"version-history":[{"count":1,"href":"https:\/\/prensapresidencialvenezuela.gob.ve\/index.php\/wp-json\/wp\/v2\/posts\/19087\/revisions"}],"predecessor-version":[{"id":19089,"href":"https:\/\/prensapresidencialvenezuela.gob.ve\/index.php\/wp-json\/wp\/v2\/posts\/19087\/revisions\/19089"}],"wp:featuredmedia":[{"embeddable":true,"href":"https:\/\/prensapresidencialvenezuela.gob.ve\/index.php\/wp-json\/wp\/v2\/media\/19088"}],"wp:attachment":[{"href":"https:\/\/prensapresidencialvenezuela.gob.ve\/index.php\/wp-json\/wp\/v2\/media?parent=19087"}],"wp:term":[{"taxonomy":"category","embeddable":true,"href":"https:\/\/prensapresidencialvenezuela.gob.ve\/index.php\/wp-json\/wp\/v2\/categories?post=19087"},{"taxonomy":"post_tag","embeddable":true,"href":"https:\/\/prensapresidencialvenezuela.gob.ve\/index.php\/wp-json\/wp\/v2\/tags?post=19087"}],"curies":[{"name":"wp","href":"https:\/\/api.w.org\/{rel}","templated":true}]}}