{"id":1911,"date":"2022-05-12T16:05:00","date_gmt":"2022-05-12T16:05:00","guid":{"rendered":"http:\/\/172.27.0.121\/?p=1911"},"modified":"2022-06-30T16:12:01","modified_gmt":"2022-06-30T16:12:01","slug":"presidente-otorga-la-orden-francisco-de-miranda-al-secretario-general-de-la-opep","status":"publish","type":"post","link":"https:\/\/prensapresidencialvenezuela.gob.ve\/index.php\/2022\/05\/12\/presidente-otorga-la-orden-francisco-de-miranda-al-secretario-general-de-la-opep\/","title":{"rendered":"Presidente otorga la Orden Francisco de Miranda al secretario general de la OPEP"},"content":{"rendered":"\n<p><strong>Palacio de Miraflores, Caracas. \u2013<\/strong> El presidente de la Rep\u00fablica Bolivariana de Venezuela, Nicol\u00e1s Maduro, impuso la \u00abOrden Francisco de Miranda\u00bb, en su Primera Clase \u00abGeneral\u00edsimo\u00bb al Secretario General de la Organizaci\u00f3n de Pa\u00edses Exportadores de Petr\u00f3leo, Mohamed Barkindo, en el contexto de su visita oficial a Venezuela.<\/p>\n\n\n\n<p>Durante el acto con motivo a la condecoraci\u00f3n celebrado en el sal\u00f3n Sim\u00f3n Bol\u00edvar del Palacio de Miraflores, fue destacado el rol de Barkindo al frente del organismo internacional en los \u00faltimos seis a\u00f1os.<\/p>\n\n\n\n<p>La \u00abOrden Francisco de Miranda\u00bb, en su Primera Clase \u00abGeneral\u00edsimo\u00bb fue creada el 28 de julio de 1939 y est\u00e1 orientada a premiar los servicios hechos a las ciencias, al progreso del pa\u00eds y al m\u00e9rito sobresaliente.<\/p>\n\n\n\n<p>En sus palabras, Mohamed Barkindo manifest\u00f3 su emoci\u00f3n y agradecimiento por la hospitalidad, amor y afecto demostrado por el Jefe de Estado venezolano desde \u201cla primera vez que nos encontramos, antes de asumir mi cargo (2016)\u201d<\/p>\n\n\n\n<p>El Secretario General de la OPEP ratific\u00f3 su orgullo por estar en Venezuela, al valorar que fue desde estas tierras en las que el liderazgo del bolivarianismo inspir\u00f3 y revivi\u00f3 a la organizaci\u00f3n en unas circunstancias dif\u00edciles para el a\u00f1o 2000.<\/p>\n\n\n\n<p>Agradeci\u00f3 al presidente Nicol\u00e1s Maduro, por el \u201cprofundo liderazgo que usted ha demostrado (\u2026) La OPEP es Venezuela, Venezuela es la OPEP, fue aqu\u00ed donde naci\u00f3 la idea de crear la OPEP, fue aqu\u00ed donde se incub\u00f3 esta idea gracias a Juan Pablo P\u00e9rez Alfonzo, un visionario venezolano (conocido como el padre de la OPEP)\u201d.<\/p>\n\n\n\n<p>Puntualiz\u00f3 que desde el a\u00f1o 2017, se han tomado y se han puesto en pr\u00e1ctica decisiones en conjunto, y pese a que su mandato culmina en agosto de 2022, est\u00e1 dispuesto a continuar trabajando y \u201cluchando por la justicia para combatir la pobreza energ\u00e9tica mundial que es otra pandemia, de la cual no se habla tanto\u201d.<\/p>\n\n\n\n<p><strong>Prensa Presidencial\/Ana\u00eds P\u00e9rez<\/strong><\/p>\n","protected":false},"excerpt":{"rendered":"<p>Palacio de Miraflores, Caracas. \u2013 El presidente de la Rep\u00fablica Bolivariana de Venezuela, Nicol\u00e1s Maduro, impuso la \u00abOrden Francisco de Miranda\u00bb, en su Primera Clase \u00abGeneral\u00edsimo\u00bb al Secretario General de la Organizaci\u00f3n de Pa\u00edses Exportadores de Petr\u00f3leo, Mohamed Barkindo, en el contexto de su visita oficial a Venezuela. Durante el acto con motivo a la [&hellip;]<\/p>\n","protected":false},"author":6,"featured_media":1912,"comment_status":"open","ping_status":"open","sticky":false,"template":"","format":"standard","meta":{"footnotes":""},"categories":[7],"tags":[],"class_list":["post-1911","post","type-post","status-publish","format-standard","has-post-thumbnail","hentry","category-notas-de-prensa"],"_links":{"self":[{"href":"https:\/\/prensapresidencialvenezuela.gob.ve\/index.php\/wp-json\/wp\/v2\/posts\/1911","targetHints":{"allow":["GET"]}}],"collection":[{"href":"https:\/\/prensapresidencialvenezuela.gob.ve\/index.php\/wp-json\/wp\/v2\/posts"}],"about":[{"href":"https:\/\/prensapresidencialvenezuela.gob.ve\/index.php\/wp-json\/wp\/v2\/types\/post"}],"author":[{"embeddable":true,"href":"https:\/\/prensapresidencialvenezuela.gob.ve\/index.php\/wp-json\/wp\/v2\/users\/6"}],"replies":[{"embeddable":true,"href":"https:\/\/prensapresidencialvenezuela.gob.ve\/index.php\/wp-json\/wp\/v2\/comments?post=1911"}],"version-history":[{"count":1,"href":"https:\/\/prensapresidencialvenezuela.gob.ve\/index.php\/wp-json\/wp\/v2\/posts\/1911\/revisions"}],"predecessor-version":[{"id":1913,"href":"https:\/\/prensapresidencialvenezuela.gob.ve\/index.php\/wp-json\/wp\/v2\/posts\/1911\/revisions\/1913"}],"wp:featuredmedia":[{"embeddable":true,"href":"https:\/\/prensapresidencialvenezuela.gob.ve\/index.php\/wp-json\/wp\/v2\/media\/1912"}],"wp:attachment":[{"href":"https:\/\/prensapresidencialvenezuela.gob.ve\/index.php\/wp-json\/wp\/v2\/media?parent=1911"}],"wp:term":[{"taxonomy":"category","embeddable":true,"href":"https:\/\/prensapresidencialvenezuela.gob.ve\/index.php\/wp-json\/wp\/v2\/categories?post=1911"},{"taxonomy":"post_tag","embeddable":true,"href":"https:\/\/prensapresidencialvenezuela.gob.ve\/index.php\/wp-json\/wp\/v2\/tags?post=1911"}],"curies":[{"name":"wp","href":"https:\/\/api.w.org\/{rel}","templated":true}]}}