{"id":19114,"date":"2025-04-14T17:41:00","date_gmt":"2025-04-14T21:41:00","guid":{"rendered":"https:\/\/prensapresidencialvenezuela.gob.ve\/?p=19114"},"modified":"2025-04-14T19:48:27","modified_gmt":"2025-04-14T23:48:27","slug":"presidente-llamo-al-pueblo-venezolano-a-disfrutar-de-la-semana-santa-en-familia-y-con-responsabilidad","status":"publish","type":"post","link":"https:\/\/prensapresidencialvenezuela.gob.ve\/index.php\/2025\/04\/14\/presidente-llamo-al-pueblo-venezolano-a-disfrutar-de-la-semana-santa-en-familia-y-con-responsabilidad\/","title":{"rendered":"Presidente llam\u00f3 al pueblo venezolano a disfrutar de la Semana Santa en familia y con responsabilidad"},"content":{"rendered":"\n<p><strong>23 de Enero, Caracas.- <\/strong>Con motivo del inicio de&nbsp;la Semana Mayor, el presidente de la Rep\u00fablica Bolivariana de Venezuela, Nicol\u00e1s Maduro, llam\u00f3 al pueblo venezolano a disfrutar de estos d\u00edas de reflexi\u00f3n, descanso, sano esparcimiento y el compartir familiar, con mucha responsabilidad.<\/p>\n\n\n\n<p>Record\u00f3 que el Gobierno Bolivariano inform\u00f3 en d\u00edas recientes que los trabajadores del sector p\u00fablico podr\u00edan disfrutar de la semana completa, en familia&nbsp; y felices, motivo por el que se\u00f1al\u00f3 que prev\u00e9n que entre jueves, viernes y s\u00e1bado, se duplique la afluencia de turistas en las playas del pa\u00eds.<\/p>\n\n\n\n<p>Este Domingo de Ramos, e<a><\/a>l jefe de Estado, en su cuenta oficial de Instagram, hizo un llamado al pueblo de Venezuela, a orar en esta Semana Santa por mucha fortaleza moral y espiritual, para continuar el camino de la Revoluci\u00f3n y afrontar las adversidades con infinita fe.<\/p>\n\n\n\n<p>El Presidente pidi\u00f3 por las bendiciones del \u00abrey de reyes para nuestra Patria amada, Venezuela, as\u00ed como por la prosperidad y la felicidad compartida de nuestro pueblo\u00bb.<\/p>\n\n\n\n<p>\u00abNuestro Se\u00f1or, Jes\u00fas Cristo Redentor, vino a cambiar todos los tiempos\u00bb, subray\u00f3 el Mandatario nacional en su cuenta @nicolasmaduro, como parte de su fe cristiana, el amor y confianza por el pueblo de Venezuela.<\/p>\n\n\n\n<p><strong>Prensa Presidencial\/Irmary D\u00edaz.<\/strong><\/p>\n","protected":false},"excerpt":{"rendered":"<p>23 de Enero, Caracas.- Con motivo del inicio de&nbsp;la Semana Mayor, el presidente de la Rep\u00fablica Bolivariana de Venezuela, Nicol\u00e1s Maduro, llam\u00f3 al pueblo venezolano a disfrutar de estos d\u00edas de reflexi\u00f3n, descanso, sano esparcimiento y el compartir familiar, con mucha responsabilidad. Record\u00f3 que el Gobierno Bolivariano inform\u00f3 en d\u00edas recientes que los trabajadores del [&hellip;]<\/p>\n","protected":false},"author":1,"featured_media":19115,"comment_status":"open","ping_status":"open","sticky":false,"template":"","format":"standard","meta":{"footnotes":""},"categories":[18,7],"tags":[209,722,1635,552],"class_list":["post-19114","post","type-post","status-publish","format-standard","has-post-thumbnail","hentry","category-noticias-principales","category-notas-de-prensa","tag-familia","tag-llamado","tag-semana-santa","tag-union"],"_links":{"self":[{"href":"https:\/\/prensapresidencialvenezuela.gob.ve\/index.php\/wp-json\/wp\/v2\/posts\/19114","targetHints":{"allow":["GET"]}}],"collection":[{"href":"https:\/\/prensapresidencialvenezuela.gob.ve\/index.php\/wp-json\/wp\/v2\/posts"}],"about":[{"href":"https:\/\/prensapresidencialvenezuela.gob.ve\/index.php\/wp-json\/wp\/v2\/types\/post"}],"author":[{"embeddable":true,"href":"https:\/\/prensapresidencialvenezuela.gob.ve\/index.php\/wp-json\/wp\/v2\/users\/1"}],"replies":[{"embeddable":true,"href":"https:\/\/prensapresidencialvenezuela.gob.ve\/index.php\/wp-json\/wp\/v2\/comments?post=19114"}],"version-history":[{"count":1,"href":"https:\/\/prensapresidencialvenezuela.gob.ve\/index.php\/wp-json\/wp\/v2\/posts\/19114\/revisions"}],"predecessor-version":[{"id":19116,"href":"https:\/\/prensapresidencialvenezuela.gob.ve\/index.php\/wp-json\/wp\/v2\/posts\/19114\/revisions\/19116"}],"wp:featuredmedia":[{"embeddable":true,"href":"https:\/\/prensapresidencialvenezuela.gob.ve\/index.php\/wp-json\/wp\/v2\/media\/19115"}],"wp:attachment":[{"href":"https:\/\/prensapresidencialvenezuela.gob.ve\/index.php\/wp-json\/wp\/v2\/media?parent=19114"}],"wp:term":[{"taxonomy":"category","embeddable":true,"href":"https:\/\/prensapresidencialvenezuela.gob.ve\/index.php\/wp-json\/wp\/v2\/categories?post=19114"},{"taxonomy":"post_tag","embeddable":true,"href":"https:\/\/prensapresidencialvenezuela.gob.ve\/index.php\/wp-json\/wp\/v2\/tags?post=19114"}],"curies":[{"name":"wp","href":"https:\/\/api.w.org\/{rel}","templated":true}]}}